{"id":160,"date":"2018-05-27T12:03:11","date_gmt":"2018-05-27T12:03:11","guid":{"rendered":"http:\/\/www.biovitalhof.at\/?p=160"},"modified":"2019-11-25T16:01:15","modified_gmt":"2019-11-25T16:01:15","slug":"wie-gestallt-ich-meinen-garten-um-unsere-bienen-zu-schutzen","status":"publish","type":"post","link":"https:\/\/www.biovitalhof.at\/index.php\/2018\/05\/27\/wie-gestallt-ich-meinen-garten-um-unsere-bienen-zu-schutzen\/","title":{"rendered":"Wie gestallte ich meinen Garten um unsere Bienen zu sch\u00fctzen!? Und warum ist dies DRINGEND notwendig!"},"content":{"rendered":"<p>Gerade in dieser sch\u00f6nen Fr\u00fchlings- und Fr\u00fchsommerzeit genie\u00dft man gerne unsere&nbsp; Natur.&nbsp; Alles scheint bestens zu sein, wenn man die Vielzahl an fliegenden und kriechenden Insekten betrachtet die gesch\u00e4ftig ihrer T\u00e4tigkeit nachgehen&#8230;&#8230;&#8230; doch der Schein tr\u00fcgt, genau&nbsp; das Gegenteil ist der Fall.<\/p>\n<p>Wir befinden uns mitten&nbsp; im gr\u00f6\u00dften Artensterben seit Menschengedenken!<\/p>\n<p>Es ist allen bewusst, dass unsere kleinen Freunde auch f\u00fcr uns lebensnotwendig sind, da sie ja einen Gro\u00dfteil der Pflanzen best\u00e4uben,&nbsp; die auch wir f\u00fcrs \u00fcberleben ben\u00f6tigen.<\/p>\n<p><strong>Fakten:&nbsp;<\/strong><\/p>\n<ol>\n<li><strong>Heute gibt es um 80 Prozent weniger Insekten als noch vor 30 Jahren&nbsp; http:\/\/ooe.orf.at\/news\/stories\/2903604\/<\/strong><\/li>\n<li><strong>Die Winter-Todesrate der Bienenv\u00f6lker hat sich bereits&nbsp; verdoppelt! Gebietsweise sterben sogar 30-50% aller Bienenv\u00f6lker \/ Jahr!&nbsp;<\/strong><\/li>\n<\/ol>\n<p><blockquote class=\"wp-embedded-content\" data-secret=\"uscqZsic8f\"><a href=\"https:\/\/www.globalresearch.ca\/death-and-extinction-of-the-bees\/5375684\">Death and Extinction of the Bees<\/a><\/blockquote><iframe class=\"wp-embedded-content\" sandbox=\"allow-scripts\" security=\"restricted\" style=\"position: absolute; clip: rect(1px, 1px, 1px, 1px);\" src=\"https:\/\/www.globalresearch.ca\/death-and-extinction-of-the-bees\/5375684\/embed#?secret=uscqZsic8f\" data-secret=\"uscqZsic8f\" width=\"525\" height=\"296\" title=\"&#8220;Death and Extinction of the Bees&#8221; &#8212; Global Research\" frameborder=\"0\" marginwidth=\"0\" marginheight=\"0\" scrolling=\"no\"><\/iframe><\/p>\n<p>http:\/\/www.bienenschutzgarten.at\/de\/warum-sind-die-bienen-gefaehrdet.html<\/p>\n<p>&nbsp;<\/p>\n<p>Und wer ist schuld daran? Wenigstens ist diese Frage einfach zu beantworten <strong>=&gt; zu 100% der Mensch!&nbsp;<\/strong><\/p>\n<p>Daher sind auch wir in der Verantwortung etwas dagegen zu unternehmen, jeder von uns!<\/p>\n<p>Nat\u00fcrlich kann keiner von uns &#8222;schnell&#8220; etwas gegen Monokulturen und Umweltgifte unternehmen aber auch kleine Ma\u00dfnahmen tragen Fr\u00fcchte.<\/p>\n<p>Das beste Beispiel daf\u00fcr ist <strong>der Biovitalhof<\/strong>! Wir konnten innerhalb von k\u00fcrzester Zeit <strong>3 Wildbienenpopulationen <\/strong>\u00fcberzeugen bei uns einzuziehen!<\/p>\n<ul>\n<li>Die Furchenbiene:&nbsp;<img decoding=\"async\" data-attachment-id=\"164\" data-permalink=\"https:\/\/www.biovitalhof.at\/index.php\/2018\/05\/27\/wie-gestallt-ich-meinen-garten-um-unsere-bienen-zu-schutzen\/_dsc0037\/\" data-orig-file=\"https:\/\/i0.wp.com\/www.biovitalhof.at\/wp-content\/uploads\/2018\/05\/DSC0037.jpg?fit=2048%2C1365&amp;ssl=1\" data-orig-size=\"2048,1365\" data-comments-opened=\"1\" data-image-meta=\"{&quot;aperture&quot;:&quot;0&quot;,&quot;credit&quot;:&quot;&quot;,&quot;camera&quot;:&quot;&quot;,&quot;caption&quot;:&quot;&quot;,&quot;created_timestamp&quot;:&quot;0&quot;,&quot;copyright&quot;:&quot;&quot;,&quot;focal_length&quot;:&quot;0&quot;,&quot;iso&quot;:&quot;0&quot;,&quot;shutter_speed&quot;:&quot;0&quot;,&quot;title&quot;:&quot;&quot;,&quot;orientation&quot;:&quot;0&quot;}\" data-image-title=\"Furchenbiene\" data-image-description=\"&lt;p&gt;Furchenbiene Wildbiene&lt;\/p&gt;\n\" data-image-caption=\"\" data-medium-file=\"https:\/\/i0.wp.com\/www.biovitalhof.at\/wp-content\/uploads\/2018\/05\/DSC0037.jpg?fit=300%2C200&amp;ssl=1\" data-large-file=\"https:\/\/i0.wp.com\/www.biovitalhof.at\/wp-content\/uploads\/2018\/05\/DSC0037.jpg?fit=525%2C350&amp;ssl=1\" class=\"alignnone size-medium wp-image-164\" src=\"https:\/\/i0.wp.com\/www.biovitalhof.at\/wp-content\/uploads\/2018\/05\/DSC0037.jpg?resize=300%2C200&#038;ssl=1\" alt=\"Furchenbiene\" width=\"300\" height=\"200\" srcset=\"https:\/\/i0.wp.com\/www.biovitalhof.at\/wp-content\/uploads\/2018\/05\/DSC0037.jpg?resize=300%2C200&amp;ssl=1 300w, https:\/\/i0.wp.com\/www.biovitalhof.at\/wp-content\/uploads\/2018\/05\/DSC0037.jpg?resize=768%2C512&amp;ssl=1 768w, https:\/\/i0.wp.com\/www.biovitalhof.at\/wp-content\/uploads\/2018\/05\/DSC0037.jpg?resize=1024%2C683&amp;ssl=1 1024w, https:\/\/i0.wp.com\/www.biovitalhof.at\/wp-content\/uploads\/2018\/05\/DSC0037.jpg?resize=350%2C233&amp;ssl=1 350w, https:\/\/i0.wp.com\/www.biovitalhof.at\/wp-content\/uploads\/2018\/05\/DSC0037.jpg?w=2048&amp;ssl=1 2048w, https:\/\/i0.wp.com\/www.biovitalhof.at\/wp-content\/uploads\/2018\/05\/DSC0037.jpg?w=1575&amp;ssl=1 1575w\" sizes=\"(max-width: 300px) 100vw, 300px\" data-recalc-dims=\"1\" \/><\/li>\n<li>Die Mauerbiene:&nbsp;<img decoding=\"async\" src=\"https:\/\/upload.wikimedia.org\/wikipedia\/commons\/thumb\/6\/6c\/Osmia_rufa_couple_%28aka%29.jpg\/300px-Osmia_rufa_couple_%28aka%29.jpg\"><\/li>\n<li>Die Holzbiene:&nbsp;<img decoding=\"async\" src=\"https:\/\/upload.wikimedia.org\/wikipedia\/commons\/thumb\/f\/f6\/Xylocopa_iris.jpg\/300px-Xylocopa_iris.jpg\"><\/li>\n<\/ul>\n<p>&nbsp;<\/p>\n<p>Und das sch\u00f6nste an der Sache ist, helfen ist sehr einfach und kostet nicht viel oder gar nichts!<\/p>\n<ol>\n<li>Schaffe Lebensraum f\u00fcr Wildbienen!<\/li>\n<li>Sichere die Lebensgrundlage der Biene!<\/li>\n<\/ol>\n<p>&nbsp;<\/p>\n<p>Das Wichtigste, ist auch der einfachste Punkt! <strong>H\u00f6rt auf eure G\u00e4rten in gr\u00fcne W\u00fcsten zu verwandeln!!!!&nbsp;<\/strong><\/p>\n<p>Hier das beste Beispiel, wie ein Garten nicht aussehen sollte:&nbsp;<img decoding=\"async\" src=\"https:\/\/i0.wp.com\/icbmag.com\/wp-content\/uploads\/2018\/02\/kuhles-moderne-dekoration-ideen-sichtschutz-aus-holz-moderner-garten-sichtschutz-gartengestaltung-mit-gabionen.jpg?w=525\" data-recalc-dims=\"1\"><\/p>\n<p>Viele von uns \u00e4rgern sich \u00fcber jedes G\u00e4nsebl\u00fcmchen in&nbsp; ihrem Golfrasen&#8230;&#8230; sorry aber das ist vollkommen falsch! Wir brauchen keinen Golfrasen, wir brauchen eine &#8222;Wiese&#8220; ! Mit vielen bl\u00fchenden Kr\u00e4utern und Pflanzen. Und noch ein Tipp, man muss nicht 2x pro Woche m\u00e4hen. Lasst den Pflanzen Zeit zu bl\u00fchen, dann haben auch unsere Bienen genug zu essen.<\/p>\n<p>Jeder tote Ast und wilde Pflanzen in Randbereichen bieten Unterschlupf und Behausung f\u00fcr unsere kleinen Helfer.<\/p>\n<p>Wir haben an allen Ecken und Enden R\u00fcckzugsfl\u00e4chen, tote B\u00e4ume und Baumst\u00e4mme verteilt um z.B. der Holzbiene einen Unterschlupf zu bieten.<\/p>\n<p>&nbsp;<\/p>\n<p><img decoding=\"async\" data-attachment-id=\"165\" data-permalink=\"https:\/\/www.biovitalhof.at\/index.php\/2018\/05\/27\/wie-gestallt-ich-meinen-garten-um-unsere-bienen-zu-schutzen\/_dsc0038\/\" data-orig-file=\"https:\/\/i0.wp.com\/www.biovitalhof.at\/wp-content\/uploads\/2018\/05\/DSC0038.jpg?fit=1365%2C2048&amp;ssl=1\" data-orig-size=\"1365,2048\" data-comments-opened=\"1\" data-image-meta=\"{&quot;aperture&quot;:&quot;0&quot;,&quot;credit&quot;:&quot;&quot;,&quot;camera&quot;:&quot;&quot;,&quot;caption&quot;:&quot;&quot;,&quot;created_timestamp&quot;:&quot;0&quot;,&quot;copyright&quot;:&quot;&quot;,&quot;focal_length&quot;:&quot;0&quot;,&quot;iso&quot;:&quot;0&quot;,&quot;shutter_speed&quot;:&quot;0&quot;,&quot;title&quot;:&quot;&quot;,&quot;orientation&quot;:&quot;0&quot;}\" data-image-title=\"Bienenhotel\" data-image-description=\"&lt;p&gt;Bienenhotel&lt;\/p&gt;\n\" data-image-caption=\"\" data-medium-file=\"https:\/\/i0.wp.com\/www.biovitalhof.at\/wp-content\/uploads\/2018\/05\/DSC0038.jpg?fit=200%2C300&amp;ssl=1\" data-large-file=\"https:\/\/i0.wp.com\/www.biovitalhof.at\/wp-content\/uploads\/2018\/05\/DSC0038.jpg?fit=525%2C787&amp;ssl=1\" class=\"alignnone size-medium wp-image-165\" src=\"https:\/\/i0.wp.com\/www.biovitalhof.at\/wp-content\/uploads\/2018\/05\/DSC0038.jpg?resize=200%2C300&#038;ssl=1\" alt=\"\" width=\"200\" height=\"300\" srcset=\"https:\/\/i0.wp.com\/www.biovitalhof.at\/wp-content\/uploads\/2018\/05\/DSC0038.jpg?resize=200%2C300&amp;ssl=1 200w, https:\/\/i0.wp.com\/www.biovitalhof.at\/wp-content\/uploads\/2018\/05\/DSC0038.jpg?resize=768%2C1152&amp;ssl=1 768w, https:\/\/i0.wp.com\/www.biovitalhof.at\/wp-content\/uploads\/2018\/05\/DSC0038.jpg?resize=683%2C1024&amp;ssl=1 683w, https:\/\/i0.wp.com\/www.biovitalhof.at\/wp-content\/uploads\/2018\/05\/DSC0038.jpg?resize=350%2C525&amp;ssl=1 350w, https:\/\/i0.wp.com\/www.biovitalhof.at\/wp-content\/uploads\/2018\/05\/DSC0038.jpg?w=1365&amp;ssl=1 1365w, https:\/\/i0.wp.com\/www.biovitalhof.at\/wp-content\/uploads\/2018\/05\/DSC0038.jpg?w=1050&amp;ssl=1 1050w\" sizes=\"(max-width: 200px) 100vw, 200px\" data-recalc-dims=\"1\" \/> <img decoding=\"async\" data-attachment-id=\"166\" data-permalink=\"https:\/\/www.biovitalhof.at\/index.php\/2018\/05\/27\/wie-gestallt-ich-meinen-garten-um-unsere-bienen-zu-schutzen\/_dsc0042\/\" data-orig-file=\"https:\/\/i0.wp.com\/www.biovitalhof.at\/wp-content\/uploads\/2018\/05\/DSC0042.jpg?fit=2048%2C1365&amp;ssl=1\" data-orig-size=\"2048,1365\" data-comments-opened=\"1\" data-image-meta=\"{&quot;aperture&quot;:&quot;0&quot;,&quot;credit&quot;:&quot;&quot;,&quot;camera&quot;:&quot;&quot;,&quot;caption&quot;:&quot;&quot;,&quot;created_timestamp&quot;:&quot;0&quot;,&quot;copyright&quot;:&quot;&quot;,&quot;focal_length&quot;:&quot;0&quot;,&quot;iso&quot;:&quot;0&quot;,&quot;shutter_speed&quot;:&quot;0&quot;,&quot;title&quot;:&quot;&quot;,&quot;orientation&quot;:&quot;0&quot;}\" data-image-title=\"Bienenhotel\" data-image-description=\"&lt;p&gt;Bienenhotel&lt;\/p&gt;\n\" data-image-caption=\"\" data-medium-file=\"https:\/\/i0.wp.com\/www.biovitalhof.at\/wp-content\/uploads\/2018\/05\/DSC0042.jpg?fit=300%2C200&amp;ssl=1\" data-large-file=\"https:\/\/i0.wp.com\/www.biovitalhof.at\/wp-content\/uploads\/2018\/05\/DSC0042.jpg?fit=525%2C350&amp;ssl=1\" class=\"alignnone size-medium wp-image-166\" src=\"https:\/\/i0.wp.com\/www.biovitalhof.at\/wp-content\/uploads\/2018\/05\/DSC0042.jpg?resize=300%2C200&#038;ssl=1\" alt=\"\" width=\"300\" height=\"200\" srcset=\"https:\/\/i0.wp.com\/www.biovitalhof.at\/wp-content\/uploads\/2018\/05\/DSC0042.jpg?resize=300%2C200&amp;ssl=1 300w, https:\/\/i0.wp.com\/www.biovitalhof.at\/wp-content\/uploads\/2018\/05\/DSC0042.jpg?resize=768%2C512&amp;ssl=1 768w, https:\/\/i0.wp.com\/www.biovitalhof.at\/wp-content\/uploads\/2018\/05\/DSC0042.jpg?resize=1024%2C683&amp;ssl=1 1024w, https:\/\/i0.wp.com\/www.biovitalhof.at\/wp-content\/uploads\/2018\/05\/DSC0042.jpg?resize=350%2C233&amp;ssl=1 350w, https:\/\/i0.wp.com\/www.biovitalhof.at\/wp-content\/uploads\/2018\/05\/DSC0042.jpg?w=2048&amp;ssl=1 2048w, https:\/\/i0.wp.com\/www.biovitalhof.at\/wp-content\/uploads\/2018\/05\/DSC0042.jpg?w=1575&amp;ssl=1 1575w\" sizes=\"(max-width: 300px) 100vw, 300px\" data-recalc-dims=\"1\" \/><img decoding=\"async\" data-attachment-id=\"167\" data-permalink=\"https:\/\/www.biovitalhof.at\/index.php\/2018\/05\/27\/wie-gestallt-ich-meinen-garten-um-unsere-bienen-zu-schutzen\/_dsc0043\/\" data-orig-file=\"https:\/\/i0.wp.com\/www.biovitalhof.at\/wp-content\/uploads\/2018\/05\/DSC0043.jpg?fit=2048%2C1365&amp;ssl=1\" data-orig-size=\"2048,1365\" data-comments-opened=\"1\" data-image-meta=\"{&quot;aperture&quot;:&quot;0&quot;,&quot;credit&quot;:&quot;&quot;,&quot;camera&quot;:&quot;&quot;,&quot;caption&quot;:&quot;&quot;,&quot;created_timestamp&quot;:&quot;0&quot;,&quot;copyright&quot;:&quot;&quot;,&quot;focal_length&quot;:&quot;0&quot;,&quot;iso&quot;:&quot;0&quot;,&quot;shutter_speed&quot;:&quot;0&quot;,&quot;title&quot;:&quot;&quot;,&quot;orientation&quot;:&quot;0&quot;}\" data-image-title=\"Bienenhotel\" data-image-description=\"&lt;p&gt;Bienenhotel&lt;\/p&gt;\n\" data-image-caption=\"\" data-medium-file=\"https:\/\/i0.wp.com\/www.biovitalhof.at\/wp-content\/uploads\/2018\/05\/DSC0043.jpg?fit=300%2C200&amp;ssl=1\" data-large-file=\"https:\/\/i0.wp.com\/www.biovitalhof.at\/wp-content\/uploads\/2018\/05\/DSC0043.jpg?fit=525%2C350&amp;ssl=1\" class=\"alignnone size-medium wp-image-167\" src=\"https:\/\/i0.wp.com\/www.biovitalhof.at\/wp-content\/uploads\/2018\/05\/DSC0043.jpg?resize=300%2C200&#038;ssl=1\" alt=\"Bienenhotel\" width=\"300\" height=\"200\" srcset=\"https:\/\/i0.wp.com\/www.biovitalhof.at\/wp-content\/uploads\/2018\/05\/DSC0043.jpg?resize=300%2C200&amp;ssl=1 300w, https:\/\/i0.wp.com\/www.biovitalhof.at\/wp-content\/uploads\/2018\/05\/DSC0043.jpg?resize=768%2C512&amp;ssl=1 768w, https:\/\/i0.wp.com\/www.biovitalhof.at\/wp-content\/uploads\/2018\/05\/DSC0043.jpg?resize=1024%2C683&amp;ssl=1 1024w, https:\/\/i0.wp.com\/www.biovitalhof.at\/wp-content\/uploads\/2018\/05\/DSC0043.jpg?resize=350%2C233&amp;ssl=1 350w, https:\/\/i0.wp.com\/www.biovitalhof.at\/wp-content\/uploads\/2018\/05\/DSC0043.jpg?w=2048&amp;ssl=1 2048w, https:\/\/i0.wp.com\/www.biovitalhof.at\/wp-content\/uploads\/2018\/05\/DSC0043.jpg?w=1575&amp;ssl=1 1575w\" sizes=\"(max-width: 300px) 100vw, 300px\" data-recalc-dims=\"1\" \/><\/p>\n<p>&nbsp;<\/p>\n<p><img decoding=\"async\" data-attachment-id=\"168\" data-permalink=\"https:\/\/www.biovitalhof.at\/index.php\/2018\/05\/27\/wie-gestallt-ich-meinen-garten-um-unsere-bienen-zu-schutzen\/baum\/\" data-orig-file=\"https:\/\/i0.wp.com\/www.biovitalhof.at\/wp-content\/uploads\/2018\/05\/baum.jpg?fit=1366%2C2048&amp;ssl=1\" data-orig-size=\"1366,2048\" data-comments-opened=\"1\" data-image-meta=\"{&quot;aperture&quot;:&quot;0&quot;,&quot;credit&quot;:&quot;&quot;,&quot;camera&quot;:&quot;&quot;,&quot;caption&quot;:&quot;&quot;,&quot;created_timestamp&quot;:&quot;0&quot;,&quot;copyright&quot;:&quot;&quot;,&quot;focal_length&quot;:&quot;0&quot;,&quot;iso&quot;:&quot;0&quot;,&quot;shutter_speed&quot;:&quot;0&quot;,&quot;title&quot;:&quot;&quot;,&quot;orientation&quot;:&quot;0&quot;}\" data-image-title=\"baum\" data-image-description=\"\" data-image-caption=\"\" data-medium-file=\"https:\/\/i0.wp.com\/www.biovitalhof.at\/wp-content\/uploads\/2018\/05\/baum.jpg?fit=200%2C300&amp;ssl=1\" data-large-file=\"https:\/\/i0.wp.com\/www.biovitalhof.at\/wp-content\/uploads\/2018\/05\/baum.jpg?fit=525%2C787&amp;ssl=1\" class=\"alignnone size-medium wp-image-168\" src=\"https:\/\/i0.wp.com\/www.biovitalhof.at\/wp-content\/uploads\/2018\/05\/baum.jpg?resize=200%2C300&#038;ssl=1\" alt=\"\" width=\"200\" height=\"300\" srcset=\"https:\/\/i0.wp.com\/www.biovitalhof.at\/wp-content\/uploads\/2018\/05\/baum.jpg?resize=200%2C300&amp;ssl=1 200w, https:\/\/i0.wp.com\/www.biovitalhof.at\/wp-content\/uploads\/2018\/05\/baum.jpg?resize=768%2C1151&amp;ssl=1 768w, https:\/\/i0.wp.com\/www.biovitalhof.at\/wp-content\/uploads\/2018\/05\/baum.jpg?resize=683%2C1024&amp;ssl=1 683w, https:\/\/i0.wp.com\/www.biovitalhof.at\/wp-content\/uploads\/2018\/05\/baum.jpg?resize=350%2C525&amp;ssl=1 350w, https:\/\/i0.wp.com\/www.biovitalhof.at\/wp-content\/uploads\/2018\/05\/baum.jpg?w=1366&amp;ssl=1 1366w, https:\/\/i0.wp.com\/www.biovitalhof.at\/wp-content\/uploads\/2018\/05\/baum.jpg?w=1050&amp;ssl=1 1050w\" sizes=\"(max-width: 200px) 100vw, 200px\" data-recalc-dims=\"1\" \/><\/p>\n<p>&nbsp;<\/p>\n<p>Auch eine Bienentr\u00e4nke hilft an hei\u00dfen Sommertagen:<\/p>\n<p>https:\/\/hektarnektar.com\/de\/beitrag\/wie-baue-ich-eine-bienentranke-ein-kleiner-tipp<\/p>\n<p>Hier auch noch ein Anleitung zum Bau eines Bienenhotels:<\/p>\n<p>&nbsp;<\/p>\n<p><span class=\"embed-youtube\" style=\"text-align:center; display: block;\"><iframe class=\"youtube-player\" width=\"525\" height=\"296\" src=\"https:\/\/www.youtube.com\/embed\/XQfQLM5L7Ho?version=3&#038;rel=1&#038;showsearch=0&#038;showinfo=1&#038;iv_load_policy=1&#038;fs=1&#038;hl=de-DE&#038;autohide=2&#038;wmode=transparent\" allowfullscreen=\"true\" style=\"border:0;\" sandbox=\"allow-scripts allow-same-origin allow-popups allow-presentation allow-popups-to-escape-sandbox\"><\/iframe><\/span><\/p>\n<p>&nbsp;<\/p>\n<p>Und abschlie\u00dfend noch einige Beispiele f\u00fcr unsere &#8222;bienefreundliche&#8220; Garten- \u00d6kologe:<\/p>\n<figure id=\"attachment_179\" aria-describedby=\"caption-attachment-179\" style=\"width: 300px\" class=\"wp-caption alignnone\"><img decoding=\"async\" data-attachment-id=\"179\" data-permalink=\"https:\/\/www.biovitalhof.at\/index.php\/2018\/05\/27\/wie-gestallt-ich-meinen-garten-um-unsere-bienen-zu-schutzen\/_dsc0049\/\" data-orig-file=\"https:\/\/i0.wp.com\/www.biovitalhof.at\/wp-content\/uploads\/2018\/05\/DSC0049.jpg?fit=2048%2C1365&amp;ssl=1\" data-orig-size=\"2048,1365\" data-comments-opened=\"1\" data-image-meta=\"{&quot;aperture&quot;:&quot;0&quot;,&quot;credit&quot;:&quot;&quot;,&quot;camera&quot;:&quot;&quot;,&quot;caption&quot;:&quot;&quot;,&quot;created_timestamp&quot;:&quot;0&quot;,&quot;copyright&quot;:&quot;&quot;,&quot;focal_length&quot;:&quot;0&quot;,&quot;iso&quot;:&quot;0&quot;,&quot;shutter_speed&quot;:&quot;0&quot;,&quot;title&quot;:&quot;&quot;,&quot;orientation&quot;:&quot;0&quot;}\" data-image-title=\"Bienenwiese\" data-image-description=\"&lt;p&gt;Bienenwiese&lt;\/p&gt;\n\" data-image-caption=\"&lt;p&gt;Bienenwiese&lt;\/p&gt;\n\" data-medium-file=\"https:\/\/i0.wp.com\/www.biovitalhof.at\/wp-content\/uploads\/2018\/05\/DSC0049.jpg?fit=300%2C200&amp;ssl=1\" data-large-file=\"https:\/\/i0.wp.com\/www.biovitalhof.at\/wp-content\/uploads\/2018\/05\/DSC0049.jpg?fit=525%2C350&amp;ssl=1\" class=\"size-medium wp-image-179\" src=\"https:\/\/i0.wp.com\/www.biovitalhof.at\/wp-content\/uploads\/2018\/05\/DSC0049.jpg?resize=300%2C200&#038;ssl=1\" alt=\"Bienenwiese\" width=\"300\" height=\"200\" srcset=\"https:\/\/i0.wp.com\/www.biovitalhof.at\/wp-content\/uploads\/2018\/05\/DSC0049.jpg?resize=300%2C200&amp;ssl=1 300w, https:\/\/i0.wp.com\/www.biovitalhof.at\/wp-content\/uploads\/2018\/05\/DSC0049.jpg?resize=768%2C512&amp;ssl=1 768w, https:\/\/i0.wp.com\/www.biovitalhof.at\/wp-content\/uploads\/2018\/05\/DSC0049.jpg?resize=1024%2C683&amp;ssl=1 1024w, https:\/\/i0.wp.com\/www.biovitalhof.at\/wp-content\/uploads\/2018\/05\/DSC0049.jpg?resize=350%2C233&amp;ssl=1 350w, https:\/\/i0.wp.com\/www.biovitalhof.at\/wp-content\/uploads\/2018\/05\/DSC0049.jpg?w=2048&amp;ssl=1 2048w, https:\/\/i0.wp.com\/www.biovitalhof.at\/wp-content\/uploads\/2018\/05\/DSC0049.jpg?w=1575&amp;ssl=1 1575w\" sizes=\"(max-width: 300px) 100vw, 300px\" data-recalc-dims=\"1\" \/><figcaption id=\"caption-attachment-179\" class=\"wp-caption-text\">Bienenwiese<\/figcaption><\/figure>\n<figure id=\"attachment_177\" aria-describedby=\"caption-attachment-177\" style=\"width: 300px\" class=\"wp-caption alignnone\"><img decoding=\"async\" data-attachment-id=\"177\" data-permalink=\"https:\/\/www.biovitalhof.at\/index.php\/2018\/05\/27\/wie-gestallt-ich-meinen-garten-um-unsere-bienen-zu-schutzen\/_dsc0047\/\" data-orig-file=\"https:\/\/i0.wp.com\/www.biovitalhof.at\/wp-content\/uploads\/2018\/05\/DSC0047.jpg?fit=2048%2C1365&amp;ssl=1\" data-orig-size=\"2048,1365\" data-comments-opened=\"1\" data-image-meta=\"{&quot;aperture&quot;:&quot;0&quot;,&quot;credit&quot;:&quot;&quot;,&quot;camera&quot;:&quot;&quot;,&quot;caption&quot;:&quot;&quot;,&quot;created_timestamp&quot;:&quot;0&quot;,&quot;copyright&quot;:&quot;&quot;,&quot;focal_length&quot;:&quot;0&quot;,&quot;iso&quot;:&quot;0&quot;,&quot;shutter_speed&quot;:&quot;0&quot;,&quot;title&quot;:&quot;&quot;,&quot;orientation&quot;:&quot;0&quot;}\" data-image-title=\"Bienenwiese\" data-image-description=\"&lt;p&gt;Bienenwiese&lt;\/p&gt;\n\" data-image-caption=\"&lt;p&gt;Bienenwiese&lt;\/p&gt;\n\" data-medium-file=\"https:\/\/i0.wp.com\/www.biovitalhof.at\/wp-content\/uploads\/2018\/05\/DSC0047.jpg?fit=300%2C200&amp;ssl=1\" data-large-file=\"https:\/\/i0.wp.com\/www.biovitalhof.at\/wp-content\/uploads\/2018\/05\/DSC0047.jpg?fit=525%2C350&amp;ssl=1\" class=\"size-medium wp-image-177\" src=\"https:\/\/i0.wp.com\/www.biovitalhof.at\/wp-content\/uploads\/2018\/05\/DSC0047.jpg?resize=300%2C200&#038;ssl=1\" alt=\"Bienenwiese\" width=\"300\" height=\"200\" srcset=\"https:\/\/i0.wp.com\/www.biovitalhof.at\/wp-content\/uploads\/2018\/05\/DSC0047.jpg?resize=300%2C200&amp;ssl=1 300w, https:\/\/i0.wp.com\/www.biovitalhof.at\/wp-content\/uploads\/2018\/05\/DSC0047.jpg?resize=768%2C512&amp;ssl=1 768w, https:\/\/i0.wp.com\/www.biovitalhof.at\/wp-content\/uploads\/2018\/05\/DSC0047.jpg?resize=1024%2C683&amp;ssl=1 1024w, https:\/\/i0.wp.com\/www.biovitalhof.at\/wp-content\/uploads\/2018\/05\/DSC0047.jpg?resize=350%2C233&amp;ssl=1 350w, https:\/\/i0.wp.com\/www.biovitalhof.at\/wp-content\/uploads\/2018\/05\/DSC0047.jpg?w=2048&amp;ssl=1 2048w, https:\/\/i0.wp.com\/www.biovitalhof.at\/wp-content\/uploads\/2018\/05\/DSC0047.jpg?w=1575&amp;ssl=1 1575w\" sizes=\"(max-width: 300px) 100vw, 300px\" data-recalc-dims=\"1\" \/><figcaption id=\"caption-attachment-177\" class=\"wp-caption-text\">Bienenwiese<\/figcaption><\/figure>\n<figure id=\"attachment_178\" aria-describedby=\"caption-attachment-178\" style=\"width: 300px\" class=\"wp-caption alignnone\"><img decoding=\"async\" data-attachment-id=\"178\" data-permalink=\"https:\/\/www.biovitalhof.at\/index.php\/2018\/05\/27\/wie-gestallt-ich-meinen-garten-um-unsere-bienen-zu-schutzen\/_dsc0048\/\" data-orig-file=\"https:\/\/i0.wp.com\/www.biovitalhof.at\/wp-content\/uploads\/2018\/05\/DSC0048.jpg?fit=2048%2C1365&amp;ssl=1\" data-orig-size=\"2048,1365\" data-comments-opened=\"1\" data-image-meta=\"{&quot;aperture&quot;:&quot;0&quot;,&quot;credit&quot;:&quot;&quot;,&quot;camera&quot;:&quot;&quot;,&quot;caption&quot;:&quot;&quot;,&quot;created_timestamp&quot;:&quot;0&quot;,&quot;copyright&quot;:&quot;&quot;,&quot;focal_length&quot;:&quot;0&quot;,&quot;iso&quot;:&quot;0&quot;,&quot;shutter_speed&quot;:&quot;0&quot;,&quot;title&quot;:&quot;&quot;,&quot;orientation&quot;:&quot;0&quot;}\" data-image-title=\"Bienenwiese\" data-image-description=\"&lt;p&gt;Bienenwiese&lt;\/p&gt;\n\" data-image-caption=\"&lt;p&gt;Bienenwiese&lt;\/p&gt;\n\" data-medium-file=\"https:\/\/i0.wp.com\/www.biovitalhof.at\/wp-content\/uploads\/2018\/05\/DSC0048.jpg?fit=300%2C200&amp;ssl=1\" data-large-file=\"https:\/\/i0.wp.com\/www.biovitalhof.at\/wp-content\/uploads\/2018\/05\/DSC0048.jpg?fit=525%2C350&amp;ssl=1\" class=\"size-medium wp-image-178\" src=\"https:\/\/i0.wp.com\/www.biovitalhof.at\/wp-content\/uploads\/2018\/05\/DSC0048.jpg?resize=300%2C200&#038;ssl=1\" alt=\"Bienenwiese\" width=\"300\" height=\"200\" srcset=\"https:\/\/i0.wp.com\/www.biovitalhof.at\/wp-content\/uploads\/2018\/05\/DSC0048.jpg?resize=300%2C200&amp;ssl=1 300w, https:\/\/i0.wp.com\/www.biovitalhof.at\/wp-content\/uploads\/2018\/05\/DSC0048.jpg?resize=768%2C512&amp;ssl=1 768w, https:\/\/i0.wp.com\/www.biovitalhof.at\/wp-content\/uploads\/2018\/05\/DSC0048.jpg?resize=1024%2C683&amp;ssl=1 1024w, https:\/\/i0.wp.com\/www.biovitalhof.at\/wp-content\/uploads\/2018\/05\/DSC0048.jpg?resize=350%2C233&amp;ssl=1 350w, https:\/\/i0.wp.com\/www.biovitalhof.at\/wp-content\/uploads\/2018\/05\/DSC0048.jpg?w=2048&amp;ssl=1 2048w, https:\/\/i0.wp.com\/www.biovitalhof.at\/wp-content\/uploads\/2018\/05\/DSC0048.jpg?w=1575&amp;ssl=1 1575w\" sizes=\"(max-width: 300px) 100vw, 300px\" data-recalc-dims=\"1\" \/><figcaption id=\"caption-attachment-178\" class=\"wp-caption-text\">Bienenwiese<\/figcaption><\/figure>\n<figure id=\"attachment_176\" aria-describedby=\"caption-attachment-176\" style=\"width: 300px\" class=\"wp-caption alignnone\"><img decoding=\"async\" data-attachment-id=\"176\" data-permalink=\"https:\/\/www.biovitalhof.at\/index.php\/2018\/05\/27\/wie-gestallt-ich-meinen-garten-um-unsere-bienen-zu-schutzen\/_dsc0046\/\" data-orig-file=\"https:\/\/i0.wp.com\/www.biovitalhof.at\/wp-content\/uploads\/2018\/05\/DSC0046.jpg?fit=2048%2C1365&amp;ssl=1\" data-orig-size=\"2048,1365\" data-comments-opened=\"1\" data-image-meta=\"{&quot;aperture&quot;:&quot;0&quot;,&quot;credit&quot;:&quot;&quot;,&quot;camera&quot;:&quot;&quot;,&quot;caption&quot;:&quot;&quot;,&quot;created_timestamp&quot;:&quot;0&quot;,&quot;copyright&quot;:&quot;&quot;,&quot;focal_length&quot;:&quot;0&quot;,&quot;iso&quot;:&quot;0&quot;,&quot;shutter_speed&quot;:&quot;0&quot;,&quot;title&quot;:&quot;&quot;,&quot;orientation&quot;:&quot;0&quot;}\" data-image-title=\"Bienenwiese\" data-image-description=\"&lt;p&gt;Bienenwiese&lt;\/p&gt;\n\" data-image-caption=\"&lt;p&gt;Bienenwiese&lt;\/p&gt;\n\" data-medium-file=\"https:\/\/i0.wp.com\/www.biovitalhof.at\/wp-content\/uploads\/2018\/05\/DSC0046.jpg?fit=300%2C200&amp;ssl=1\" data-large-file=\"https:\/\/i0.wp.com\/www.biovitalhof.at\/wp-content\/uploads\/2018\/05\/DSC0046.jpg?fit=525%2C350&amp;ssl=1\" class=\"size-medium wp-image-176\" src=\"https:\/\/i0.wp.com\/www.biovitalhof.at\/wp-content\/uploads\/2018\/05\/DSC0046.jpg?resize=300%2C200&#038;ssl=1\" alt=\"Bienenwiese\" width=\"300\" height=\"200\" srcset=\"https:\/\/i0.wp.com\/www.biovitalhof.at\/wp-content\/uploads\/2018\/05\/DSC0046.jpg?resize=300%2C200&amp;ssl=1 300w, https:\/\/i0.wp.com\/www.biovitalhof.at\/wp-content\/uploads\/2018\/05\/DSC0046.jpg?resize=768%2C512&amp;ssl=1 768w, https:\/\/i0.wp.com\/www.biovitalhof.at\/wp-content\/uploads\/2018\/05\/DSC0046.jpg?resize=1024%2C683&amp;ssl=1 1024w, https:\/\/i0.wp.com\/www.biovitalhof.at\/wp-content\/uploads\/2018\/05\/DSC0046.jpg?resize=350%2C233&amp;ssl=1 350w, https:\/\/i0.wp.com\/www.biovitalhof.at\/wp-content\/uploads\/2018\/05\/DSC0046.jpg?w=2048&amp;ssl=1 2048w, https:\/\/i0.wp.com\/www.biovitalhof.at\/wp-content\/uploads\/2018\/05\/DSC0046.jpg?w=1575&amp;ssl=1 1575w\" sizes=\"(max-width: 300px) 100vw, 300px\" data-recalc-dims=\"1\" \/><figcaption id=\"caption-attachment-176\" class=\"wp-caption-text\">Bienenwiese<\/figcaption><\/figure>\n<figure id=\"attachment_175\" aria-describedby=\"caption-attachment-175\" style=\"width: 300px\" class=\"wp-caption alignnone\"><img decoding=\"async\" data-attachment-id=\"175\" data-permalink=\"https:\/\/www.biovitalhof.at\/index.php\/2018\/05\/27\/wie-gestallt-ich-meinen-garten-um-unsere-bienen-zu-schutzen\/_dsc0045\/\" data-orig-file=\"https:\/\/i0.wp.com\/www.biovitalhof.at\/wp-content\/uploads\/2018\/05\/DSC0045.jpg?fit=2048%2C1365&amp;ssl=1\" data-orig-size=\"2048,1365\" data-comments-opened=\"1\" data-image-meta=\"{&quot;aperture&quot;:&quot;0&quot;,&quot;credit&quot;:&quot;&quot;,&quot;camera&quot;:&quot;&quot;,&quot;caption&quot;:&quot;&quot;,&quot;created_timestamp&quot;:&quot;0&quot;,&quot;copyright&quot;:&quot;&quot;,&quot;focal_length&quot;:&quot;0&quot;,&quot;iso&quot;:&quot;0&quot;,&quot;shutter_speed&quot;:&quot;0&quot;,&quot;title&quot;:&quot;&quot;,&quot;orientation&quot;:&quot;0&quot;}\" data-image-title=\"Bienenwiese\" data-image-description=\"&lt;p&gt;Bienenwiese&lt;\/p&gt;\n\" data-image-caption=\"&lt;p&gt;Bienenwiese&lt;\/p&gt;\n\" data-medium-file=\"https:\/\/i0.wp.com\/www.biovitalhof.at\/wp-content\/uploads\/2018\/05\/DSC0045.jpg?fit=300%2C200&amp;ssl=1\" data-large-file=\"https:\/\/i0.wp.com\/www.biovitalhof.at\/wp-content\/uploads\/2018\/05\/DSC0045.jpg?fit=525%2C350&amp;ssl=1\" class=\"size-medium wp-image-175\" src=\"https:\/\/i0.wp.com\/www.biovitalhof.at\/wp-content\/uploads\/2018\/05\/DSC0045.jpg?resize=300%2C200&#038;ssl=1\" alt=\"Bienenwiese\" width=\"300\" height=\"200\" srcset=\"https:\/\/i0.wp.com\/www.biovitalhof.at\/wp-content\/uploads\/2018\/05\/DSC0045.jpg?resize=300%2C200&amp;ssl=1 300w, https:\/\/i0.wp.com\/www.biovitalhof.at\/wp-content\/uploads\/2018\/05\/DSC0045.jpg?resize=768%2C512&amp;ssl=1 768w, https:\/\/i0.wp.com\/www.biovitalhof.at\/wp-content\/uploads\/2018\/05\/DSC0045.jpg?resize=1024%2C683&amp;ssl=1 1024w, https:\/\/i0.wp.com\/www.biovitalhof.at\/wp-content\/uploads\/2018\/05\/DSC0045.jpg?resize=350%2C233&amp;ssl=1 350w, https:\/\/i0.wp.com\/www.biovitalhof.at\/wp-content\/uploads\/2018\/05\/DSC0045.jpg?w=2048&amp;ssl=1 2048w, https:\/\/i0.wp.com\/www.biovitalhof.at\/wp-content\/uploads\/2018\/05\/DSC0045.jpg?w=1575&amp;ssl=1 1575w\" sizes=\"(max-width: 300px) 100vw, 300px\" data-recalc-dims=\"1\" \/><figcaption id=\"caption-attachment-175\" class=\"wp-caption-text\">Bienenwiese<\/figcaption><\/figure>\n<figure id=\"attachment_174\" aria-describedby=\"caption-attachment-174\" style=\"width: 300px\" class=\"wp-caption alignnone\"><img decoding=\"async\" data-attachment-id=\"174\" data-permalink=\"https:\/\/www.biovitalhof.at\/index.php\/2018\/05\/27\/wie-gestallt-ich-meinen-garten-um-unsere-bienen-zu-schutzen\/_dsc0044\/\" data-orig-file=\"https:\/\/i0.wp.com\/www.biovitalhof.at\/wp-content\/uploads\/2018\/05\/DSC0044.jpg?fit=2048%2C1365&amp;ssl=1\" data-orig-size=\"2048,1365\" data-comments-opened=\"1\" data-image-meta=\"{&quot;aperture&quot;:&quot;0&quot;,&quot;credit&quot;:&quot;&quot;,&quot;camera&quot;:&quot;&quot;,&quot;caption&quot;:&quot;&quot;,&quot;created_timestamp&quot;:&quot;0&quot;,&quot;copyright&quot;:&quot;&quot;,&quot;focal_length&quot;:&quot;0&quot;,&quot;iso&quot;:&quot;0&quot;,&quot;shutter_speed&quot;:&quot;0&quot;,&quot;title&quot;:&quot;&quot;,&quot;orientation&quot;:&quot;0&quot;}\" data-image-title=\"Bienenwiese\" data-image-description=\"&lt;p&gt;Bienenwiese&lt;\/p&gt;\n\" data-image-caption=\"&lt;p&gt;Bienenwiese&lt;\/p&gt;\n\" data-medium-file=\"https:\/\/i0.wp.com\/www.biovitalhof.at\/wp-content\/uploads\/2018\/05\/DSC0044.jpg?fit=300%2C200&amp;ssl=1\" data-large-file=\"https:\/\/i0.wp.com\/www.biovitalhof.at\/wp-content\/uploads\/2018\/05\/DSC0044.jpg?fit=525%2C350&amp;ssl=1\" class=\"size-medium wp-image-174\" src=\"https:\/\/i0.wp.com\/www.biovitalhof.at\/wp-content\/uploads\/2018\/05\/DSC0044.jpg?resize=300%2C200&#038;ssl=1\" alt=\"Bienenwiese\" width=\"300\" height=\"200\" srcset=\"https:\/\/i0.wp.com\/www.biovitalhof.at\/wp-content\/uploads\/2018\/05\/DSC0044.jpg?resize=300%2C200&amp;ssl=1 300w, https:\/\/i0.wp.com\/www.biovitalhof.at\/wp-content\/uploads\/2018\/05\/DSC0044.jpg?resize=768%2C512&amp;ssl=1 768w, https:\/\/i0.wp.com\/www.biovitalhof.at\/wp-content\/uploads\/2018\/05\/DSC0044.jpg?resize=1024%2C683&amp;ssl=1 1024w, https:\/\/i0.wp.com\/www.biovitalhof.at\/wp-content\/uploads\/2018\/05\/DSC0044.jpg?resize=350%2C233&amp;ssl=1 350w, https:\/\/i0.wp.com\/www.biovitalhof.at\/wp-content\/uploads\/2018\/05\/DSC0044.jpg?w=2048&amp;ssl=1 2048w, https:\/\/i0.wp.com\/www.biovitalhof.at\/wp-content\/uploads\/2018\/05\/DSC0044.jpg?w=1575&amp;ssl=1 1575w\" sizes=\"(max-width: 300px) 100vw, 300px\" data-recalc-dims=\"1\" \/><figcaption id=\"caption-attachment-174\" class=\"wp-caption-text\">Bienenwiese<\/figcaption><\/figure>\n<p>&nbsp;<\/p>\n<p>PS: Nat\u00fcrlich ist es eine sehr tolle Sache eine eigene Bienenwiese anzulegen aber es reicht auch der Natur etwas Zeit zu geben. Jede Futterwiese oder Golfrasen wird nach einiger Zeit von ganz alleine zur bunten Blumenwiese.<\/p>\n<p>&nbsp;<\/p>\n<p>Also&#8230;. keep the bees alive!<\/p>\n<p>Danke &amp; LG vom DruidenDave<\/p>\n\n\n<p><br>Besuchen Sie auch unsere Partnerseiten: <\/p>\n\n\n\n<p>www.energietechnikdave.at<\/p>\n\n\n\n<p>www.styriadogs.at<br><br><br><\/p>\n","protected":false},"excerpt":{"rendered":"<p>Gerade in dieser sch\u00f6nen Fr\u00fchlings- und Fr\u00fchsommerzeit genie\u00dft man gerne unsere&nbsp; Natur.&nbsp; Alles scheint bestens zu sein, wenn man die Vielzahl an fliegenden und kriechenden Insekten betrachtet die gesch\u00e4ftig ihrer T\u00e4tigkeit nachgehen&#8230;&#8230;&#8230; doch der Schein tr\u00fcgt, genau&nbsp; das Gegenteil ist der Fall. Wir befinden uns mitten&nbsp; im gr\u00f6\u00dften Artensterben seit Menschengedenken! Es ist allen bewusst, &hellip; <\/p>\n<p class=\"link-more\"><a href=\"https:\/\/www.biovitalhof.at\/index.php\/2018\/05\/27\/wie-gestallt-ich-meinen-garten-um-unsere-bienen-zu-schutzen\/\" class=\"more-link\"><span class=\"screen-reader-text\">\u201eWie gestallte ich meinen Garten um unsere Bienen zu sch\u00fctzen!? Und warum ist dies DRINGEND notwendig!\u201c<\/span> weiterlesen<\/a><\/p>\n","protected":false},"author":1,"featured_media":163,"comment_status":"open","ping_status":"open","sticky":false,"template":"","format":"standard","meta":{"jetpack_post_was_ever_published":false,"_jetpack_newsletter_access":"","_jetpack_dont_email_post_to_subs":false,"_jetpack_newsletter_tier_id":0,"footnotes":"","jetpack_publicize_message":"","jetpack_publicize_feature_enabled":true,"jetpack_social_post_already_shared":true,"jetpack_social_options":{"image_generator_settings":{"template":"highway","enabled":false}}},"categories":[1],"tags":[127,126,124,122,128,125,123],"jetpack_publicize_connections":[],"yoast_head":"<!-- This site is optimized with the Yoast SEO plugin v21.9.1 - https:\/\/yoast.com\/wordpress\/plugins\/seo\/ -->\n<title>Wie gestallte ich meinen Garten um unsere Bienen zu Sch\u00fctzen!<\/title>\n<meta name=\"robots\" content=\"index, follow, max-snippet:-1, max-image-preview:large, max-video-preview:-1\" \/>\n<link rel=\"canonical\" href=\"https:\/\/www.biovitalhof.at\/index.php\/2018\/05\/27\/wie-gestallt-ich-meinen-garten-um-unsere-bienen-zu-schutzen\/\" \/>\n<meta property=\"og:locale\" content=\"de_DE\" \/>\n<meta property=\"og:type\" content=\"article\" \/>\n<meta property=\"og:title\" content=\"Wie gestallte ich meinen Garten um unsere Bienen zu Sch\u00fctzen!\" \/>\n<meta property=\"og:description\" content=\"Gerade in dieser sch\u00f6nen Fr\u00fchlings- und Fr\u00fchsommerzeit genie\u00dft man gerne unsere&nbsp; Natur.&nbsp; Alles scheint bestens zu sein, wenn man die Vielzahl an fliegenden und kriechenden Insekten betrachtet die gesch\u00e4ftig ihrer T\u00e4tigkeit nachgehen&#8230;&#8230;&#8230; doch der Schein tr\u00fcgt, genau&nbsp; das Gegenteil ist der Fall. Wir befinden uns mitten&nbsp; im gr\u00f6\u00dften Artensterben seit Menschengedenken! Es ist allen bewusst, &hellip; \u201eWie gestallte ich meinen Garten um unsere Bienen zu sch\u00fctzen!? Und warum ist dies DRINGEND notwendig!\u201c weiterlesen\" \/>\n<meta property=\"og:url\" content=\"https:\/\/www.biovitalhof.at\/index.php\/2018\/05\/27\/wie-gestallt-ich-meinen-garten-um-unsere-bienen-zu-schutzen\/\" \/>\n<meta property=\"og:site_name\" content=\"Der Biovitalhof\" \/>\n<meta property=\"article:published_time\" content=\"2018-05-27T12:03:11+00:00\" \/>\n<meta property=\"article:modified_time\" content=\"2019-11-25T16:01:15+00:00\" \/>\n<meta property=\"og:image\" content=\"https:\/\/i0.wp.com\/www.biovitalhof.at\/wp-content\/uploads\/2018\/05\/FB_IMG_1526901912768.jpg?fit=640%2C960&ssl=1\" \/>\n\t<meta property=\"og:image:width\" content=\"640\" \/>\n\t<meta property=\"og:image:height\" content=\"960\" \/>\n\t<meta property=\"og:image:type\" content=\"image\/jpeg\" \/>\n<meta name=\"author\" content=\"biovitalhofadmin\" \/>\n<meta name=\"twitter:card\" content=\"summary_large_image\" \/>\n<meta name=\"twitter:label1\" content=\"Verfasst von\" \/>\n\t<meta name=\"twitter:data1\" content=\"biovitalhofadmin\" \/>\n\t<meta name=\"twitter:label2\" content=\"Gesch\u00e4tzte Lesezeit\" \/>\n\t<meta name=\"twitter:data2\" content=\"3\u00a0Minuten\" \/>\n<script type=\"application\/ld+json\" class=\"yoast-schema-graph\">{\"@context\":\"https:\/\/schema.org\",\"@graph\":[{\"@type\":\"Article\",\"@id\":\"https:\/\/www.biovitalhof.at\/index.php\/2018\/05\/27\/wie-gestallt-ich-meinen-garten-um-unsere-bienen-zu-schutzen\/#article\",\"isPartOf\":{\"@id\":\"https:\/\/www.biovitalhof.at\/index.php\/2018\/05\/27\/wie-gestallt-ich-meinen-garten-um-unsere-bienen-zu-schutzen\/\"},\"author\":{\"name\":\"biovitalhofadmin\",\"@id\":\"https:\/\/www.biovitalhof.at\/#\/schema\/person\/2fd665da0b60cd614e1cd37e0822bfc6\"},\"headline\":\"Wie gestallte ich meinen Garten um unsere Bienen zu sch\u00fctzen!? Und warum ist dies DRINGEND notwendig!\",\"datePublished\":\"2018-05-27T12:03:11+00:00\",\"dateModified\":\"2019-11-25T16:01:15+00:00\",\"mainEntityOfPage\":{\"@id\":\"https:\/\/www.biovitalhof.at\/index.php\/2018\/05\/27\/wie-gestallt-ich-meinen-garten-um-unsere-bienen-zu-schutzen\/\"},\"wordCount\":573,\"commentCount\":0,\"publisher\":{\"@id\":\"https:\/\/www.biovitalhof.at\/#organization\"},\"keywords\":[\"artensterben\",\"bienenhotel\",\"bienensterben\",\"Bienenwiese\",\"gr\u00fcne w\u00fcste\",\"insektensterben\",\"wildbiene\"],\"articleSection\":[\"Uncategorized\"],\"inLanguage\":\"de\",\"potentialAction\":[{\"@type\":\"CommentAction\",\"name\":\"Comment\",\"target\":[\"https:\/\/www.biovitalhof.at\/index.php\/2018\/05\/27\/wie-gestallt-ich-meinen-garten-um-unsere-bienen-zu-schutzen\/#respond\"]}]},{\"@type\":\"WebPage\",\"@id\":\"https:\/\/www.biovitalhof.at\/index.php\/2018\/05\/27\/wie-gestallt-ich-meinen-garten-um-unsere-bienen-zu-schutzen\/\",\"url\":\"https:\/\/www.biovitalhof.at\/index.php\/2018\/05\/27\/wie-gestallt-ich-meinen-garten-um-unsere-bienen-zu-schutzen\/\",\"name\":\"Wie gestallte ich meinen Garten um unsere Bienen zu Sch\u00fctzen!\",\"isPartOf\":{\"@id\":\"https:\/\/www.biovitalhof.at\/#website\"},\"datePublished\":\"2018-05-27T12:03:11+00:00\",\"dateModified\":\"2019-11-25T16:01:15+00:00\",\"breadcrumb\":{\"@id\":\"https:\/\/www.biovitalhof.at\/index.php\/2018\/05\/27\/wie-gestallt-ich-meinen-garten-um-unsere-bienen-zu-schutzen\/#breadcrumb\"},\"inLanguage\":\"de\",\"potentialAction\":[{\"@type\":\"ReadAction\",\"target\":[\"https:\/\/www.biovitalhof.at\/index.php\/2018\/05\/27\/wie-gestallt-ich-meinen-garten-um-unsere-bienen-zu-schutzen\/\"]}]},{\"@type\":\"BreadcrumbList\",\"@id\":\"https:\/\/www.biovitalhof.at\/index.php\/2018\/05\/27\/wie-gestallt-ich-meinen-garten-um-unsere-bienen-zu-schutzen\/#breadcrumb\",\"itemListElement\":[{\"@type\":\"ListItem\",\"position\":1,\"name\":\"Home\",\"item\":\"https:\/\/www.biovitalhof.at\/\"},{\"@type\":\"ListItem\",\"position\":2,\"name\":\"Wie gestallte ich meinen Garten um unsere Bienen zu sch\u00fctzen!? Und warum ist dies DRINGEND notwendig!\"}]},{\"@type\":\"WebSite\",\"@id\":\"https:\/\/www.biovitalhof.at\/#website\",\"url\":\"https:\/\/www.biovitalhof.at\/\",\"name\":\"Der Biovitalhof\",\"description\":\"CBD \u00d6l &amp; Kr\u00e4uter &amp; Vitalpilze direkt vom Bauernhof\",\"publisher\":{\"@id\":\"https:\/\/www.biovitalhof.at\/#organization\"},\"potentialAction\":[{\"@type\":\"SearchAction\",\"target\":{\"@type\":\"EntryPoint\",\"urlTemplate\":\"https:\/\/www.biovitalhof.at\/?s={search_term_string}\"},\"query-input\":\"required name=search_term_string\"}],\"inLanguage\":\"de\"},{\"@type\":\"Organization\",\"@id\":\"https:\/\/www.biovitalhof.at\/#organization\",\"name\":\"Der Biovitalhof\",\"url\":\"https:\/\/www.biovitalhof.at\/\",\"logo\":{\"@type\":\"ImageObject\",\"inLanguage\":\"de\",\"@id\":\"https:\/\/www.biovitalhof.at\/#\/schema\/logo\/image\/\",\"url\":\"https:\/\/i0.wp.com\/www.biovitalhof.at\/wp-content\/uploads\/2019\/11\/cropped-Logogoogle.png?fit=250%2C250&ssl=1\",\"contentUrl\":\"https:\/\/i0.wp.com\/www.biovitalhof.at\/wp-content\/uploads\/2019\/11\/cropped-Logogoogle.png?fit=250%2C250&ssl=1\",\"width\":250,\"height\":250,\"caption\":\"Der Biovitalhof\"},\"image\":{\"@id\":\"https:\/\/www.biovitalhof.at\/#\/schema\/logo\/image\/\"}},{\"@type\":\"Person\",\"@id\":\"https:\/\/www.biovitalhof.at\/#\/schema\/person\/2fd665da0b60cd614e1cd37e0822bfc6\",\"name\":\"biovitalhofadmin\",\"image\":{\"@type\":\"ImageObject\",\"inLanguage\":\"de\",\"@id\":\"https:\/\/www.biovitalhof.at\/#\/schema\/person\/image\/\",\"url\":\"https:\/\/secure.gravatar.com\/avatar\/d0d2032f4cae540e9629f3a768ba52d4?s=96&d=mm&r=g\",\"contentUrl\":\"https:\/\/secure.gravatar.com\/avatar\/d0d2032f4cae540e9629f3a768ba52d4?s=96&d=mm&r=g\",\"caption\":\"biovitalhofadmin\"},\"url\":\"https:\/\/www.biovitalhof.at\/index.php\/author\/biovitalhofadmin\/\"}]}<\/script>\n<!-- \/ Yoast SEO plugin. -->","yoast_head_json":{"title":"Wie gestallte ich meinen Garten um unsere Bienen zu Sch\u00fctzen!","robots":{"index":"index","follow":"follow","max-snippet":"max-snippet:-1","max-image-preview":"max-image-preview:large","max-video-preview":"max-video-preview:-1"},"canonical":"https:\/\/www.biovitalhof.at\/index.php\/2018\/05\/27\/wie-gestallt-ich-meinen-garten-um-unsere-bienen-zu-schutzen\/","og_locale":"de_DE","og_type":"article","og_title":"Wie gestallte ich meinen Garten um unsere Bienen zu Sch\u00fctzen!","og_description":"Gerade in dieser sch\u00f6nen Fr\u00fchlings- und Fr\u00fchsommerzeit genie\u00dft man gerne unsere&nbsp; Natur.&nbsp; Alles scheint bestens zu sein, wenn man die Vielzahl an fliegenden und kriechenden Insekten betrachtet die gesch\u00e4ftig ihrer T\u00e4tigkeit nachgehen&#8230;&#8230;&#8230; doch der Schein tr\u00fcgt, genau&nbsp; das Gegenteil ist der Fall. Wir befinden uns mitten&nbsp; im gr\u00f6\u00dften Artensterben seit Menschengedenken! Es ist allen bewusst, &hellip; \u201eWie gestallte ich meinen Garten um unsere Bienen zu sch\u00fctzen!? Und warum ist dies DRINGEND notwendig!\u201c weiterlesen","og_url":"https:\/\/www.biovitalhof.at\/index.php\/2018\/05\/27\/wie-gestallt-ich-meinen-garten-um-unsere-bienen-zu-schutzen\/","og_site_name":"Der Biovitalhof","article_published_time":"2018-05-27T12:03:11+00:00","article_modified_time":"2019-11-25T16:01:15+00:00","og_image":[{"width":640,"height":960,"url":"https:\/\/i0.wp.com\/www.biovitalhof.at\/wp-content\/uploads\/2018\/05\/FB_IMG_1526901912768.jpg?fit=640%2C960&ssl=1","type":"image\/jpeg"}],"author":"biovitalhofadmin","twitter_card":"summary_large_image","twitter_misc":{"Verfasst von":"biovitalhofadmin","Gesch\u00e4tzte Lesezeit":"3\u00a0Minuten"},"schema":{"@context":"https:\/\/schema.org","@graph":[{"@type":"Article","@id":"https:\/\/www.biovitalhof.at\/index.php\/2018\/05\/27\/wie-gestallt-ich-meinen-garten-um-unsere-bienen-zu-schutzen\/#article","isPartOf":{"@id":"https:\/\/www.biovitalhof.at\/index.php\/2018\/05\/27\/wie-gestallt-ich-meinen-garten-um-unsere-bienen-zu-schutzen\/"},"author":{"name":"biovitalhofadmin","@id":"https:\/\/www.biovitalhof.at\/#\/schema\/person\/2fd665da0b60cd614e1cd37e0822bfc6"},"headline":"Wie gestallte ich meinen Garten um unsere Bienen zu sch\u00fctzen!? Und warum ist dies DRINGEND notwendig!","datePublished":"2018-05-27T12:03:11+00:00","dateModified":"2019-11-25T16:01:15+00:00","mainEntityOfPage":{"@id":"https:\/\/www.biovitalhof.at\/index.php\/2018\/05\/27\/wie-gestallt-ich-meinen-garten-um-unsere-bienen-zu-schutzen\/"},"wordCount":573,"commentCount":0,"publisher":{"@id":"https:\/\/www.biovitalhof.at\/#organization"},"keywords":["artensterben","bienenhotel","bienensterben","Bienenwiese","gr\u00fcne w\u00fcste","insektensterben","wildbiene"],"articleSection":["Uncategorized"],"inLanguage":"de","potentialAction":[{"@type":"CommentAction","name":"Comment","target":["https:\/\/www.biovitalhof.at\/index.php\/2018\/05\/27\/wie-gestallt-ich-meinen-garten-um-unsere-bienen-zu-schutzen\/#respond"]}]},{"@type":"WebPage","@id":"https:\/\/www.biovitalhof.at\/index.php\/2018\/05\/27\/wie-gestallt-ich-meinen-garten-um-unsere-bienen-zu-schutzen\/","url":"https:\/\/www.biovitalhof.at\/index.php\/2018\/05\/27\/wie-gestallt-ich-meinen-garten-um-unsere-bienen-zu-schutzen\/","name":"Wie gestallte ich meinen Garten um unsere Bienen zu Sch\u00fctzen!","isPartOf":{"@id":"https:\/\/www.biovitalhof.at\/#website"},"datePublished":"2018-05-27T12:03:11+00:00","dateModified":"2019-11-25T16:01:15+00:00","breadcrumb":{"@id":"https:\/\/www.biovitalhof.at\/index.php\/2018\/05\/27\/wie-gestallt-ich-meinen-garten-um-unsere-bienen-zu-schutzen\/#breadcrumb"},"inLanguage":"de","potentialAction":[{"@type":"ReadAction","target":["https:\/\/www.biovitalhof.at\/index.php\/2018\/05\/27\/wie-gestallt-ich-meinen-garten-um-unsere-bienen-zu-schutzen\/"]}]},{"@type":"BreadcrumbList","@id":"https:\/\/www.biovitalhof.at\/index.php\/2018\/05\/27\/wie-gestallt-ich-meinen-garten-um-unsere-bienen-zu-schutzen\/#breadcrumb","itemListElement":[{"@type":"ListItem","position":1,"name":"Home","item":"https:\/\/www.biovitalhof.at\/"},{"@type":"ListItem","position":2,"name":"Wie gestallte ich meinen Garten um unsere Bienen zu sch\u00fctzen!? Und warum ist dies DRINGEND notwendig!"}]},{"@type":"WebSite","@id":"https:\/\/www.biovitalhof.at\/#website","url":"https:\/\/www.biovitalhof.at\/","name":"Der Biovitalhof","description":"CBD \u00d6l &amp; Kr\u00e4uter &amp; Vitalpilze direkt vom Bauernhof","publisher":{"@id":"https:\/\/www.biovitalhof.at\/#organization"},"potentialAction":[{"@type":"SearchAction","target":{"@type":"EntryPoint","urlTemplate":"https:\/\/www.biovitalhof.at\/?s={search_term_string}"},"query-input":"required name=search_term_string"}],"inLanguage":"de"},{"@type":"Organization","@id":"https:\/\/www.biovitalhof.at\/#organization","name":"Der Biovitalhof","url":"https:\/\/www.biovitalhof.at\/","logo":{"@type":"ImageObject","inLanguage":"de","@id":"https:\/\/www.biovitalhof.at\/#\/schema\/logo\/image\/","url":"https:\/\/i0.wp.com\/www.biovitalhof.at\/wp-content\/uploads\/2019\/11\/cropped-Logogoogle.png?fit=250%2C250&ssl=1","contentUrl":"https:\/\/i0.wp.com\/www.biovitalhof.at\/wp-content\/uploads\/2019\/11\/cropped-Logogoogle.png?fit=250%2C250&ssl=1","width":250,"height":250,"caption":"Der Biovitalhof"},"image":{"@id":"https:\/\/www.biovitalhof.at\/#\/schema\/logo\/image\/"}},{"@type":"Person","@id":"https:\/\/www.biovitalhof.at\/#\/schema\/person\/2fd665da0b60cd614e1cd37e0822bfc6","name":"biovitalhofadmin","image":{"@type":"ImageObject","inLanguage":"de","@id":"https:\/\/www.biovitalhof.at\/#\/schema\/person\/image\/","url":"https:\/\/secure.gravatar.com\/avatar\/d0d2032f4cae540e9629f3a768ba52d4?s=96&d=mm&r=g","contentUrl":"https:\/\/secure.gravatar.com\/avatar\/d0d2032f4cae540e9629f3a768ba52d4?s=96&d=mm&r=g","caption":"biovitalhofadmin"},"url":"https:\/\/www.biovitalhof.at\/index.php\/author\/biovitalhofadmin\/"}]}},"jetpack_featured_media_url":"https:\/\/i0.wp.com\/www.biovitalhof.at\/wp-content\/uploads\/2018\/05\/FB_IMG_1526901912768.jpg?fit=640%2C960&ssl=1","jetpack_sharing_enabled":true,"jetpack_shortlink":"https:\/\/wp.me\/p9K6na-2A","jetpack_likes_enabled":true,"jetpack-related-posts":[{"id":349,"url":"https:\/\/www.biovitalhof.at\/index.php\/2018\/12\/13\/wundbehandlung-mit-spitzwegerich-sinn-oder-unsinn\/","url_meta":{"origin":160,"position":0},"title":"Wundbehandlung mit Spitzwegerich&#8230;Sinn oder Unsinn?","author":"biovitalhofadmin","date":"Dezember 13, 2018","format":false,"excerpt":"Altbekanntes Heilmittel f\u00fcr Wunden ist der Spitzwegerich. Der Inhaltsstoff Aucubin wirkt dabei antibiotische. \"\"Aucubin wirkt antibiotisch. Der Saft von Spitzwegerich enth\u00e4lt Aucubin und schimmelt nicht. Die S\u00e4fte der meisten anderen Pflanzen schimmeln. Aucubin wirkt entz\u00fcndungshemmend und reizmildernd. Durch Auflegen von zerdr\u00fcckten Spitzwegerichbl\u00e4ttern k\u00f6nnen das Jucken und die Schwellung von Insektenstichen\u2026","rel":"","context":"Mit 1 Kommentar","block_context":{"text":"Mit 1 Kommentar","link":"https:\/\/www.biovitalhof.at\/index.php\/2018\/12\/13\/wundbehandlung-mit-spitzwegerich-sinn-oder-unsinn\/#comments"},"img":{"alt_text":"","src":"https:\/\/i0.wp.com\/www.biovitalhof.at\/wp-content\/uploads\/2018\/12\/img_20180611_1329326916053172289420392.jpg?resize=350%2C200","width":350,"height":200,"srcset":"https:\/\/i0.wp.com\/www.biovitalhof.at\/wp-content\/uploads\/2018\/12\/img_20180611_1329326916053172289420392.jpg?resize=350%2C200 1x, https:\/\/i0.wp.com\/www.biovitalhof.at\/wp-content\/uploads\/2018\/12\/img_20180611_1329326916053172289420392.jpg?resize=525%2C300 1.5x, https:\/\/i0.wp.com\/www.biovitalhof.at\/wp-content\/uploads\/2018\/12\/img_20180611_1329326916053172289420392.jpg?resize=700%2C400 2x, https:\/\/i0.wp.com\/www.biovitalhof.at\/wp-content\/uploads\/2018\/12\/img_20180611_1329326916053172289420392.jpg?resize=1050%2C600 3x, https:\/\/i0.wp.com\/www.biovitalhof.at\/wp-content\/uploads\/2018\/12\/img_20180611_1329326916053172289420392.jpg?resize=1400%2C800 4x"},"classes":[]},{"id":448,"url":"https:\/\/www.biovitalhof.at\/index.php\/2019\/04\/04\/die-brennnessel-eine-unterschatzte-heilpflanze-gartengemusen-und-eiweisspender\/","url_meta":{"origin":160,"position":1},"title":"Die Brennnessel! Eine untersch\u00e4tzte Heilpflanze, Gartengem\u00fcsen und Superfood.","author":"biovitalhofadmin","date":"April 4, 2019","format":false,"excerpt":"Quelle: \u00a0Kapitel I ~ Heilpflanzenlexikon \/ Celticgarden.de Sie ist eine Heil- und Gem\u00fcsepflanze gleichzeitig. Im Mittelalter war sie eine gro\u00dfe Heilpflanze, aber auch im Volksglauben spielt sie, durch ihre brennende Wirkung eine gro\u00dfe Rolle. M\u00e4nner nahmen die Brennnessel um ihre Potenz zu steigern, daf\u00fcr wurden die Samen mit Ei und\u2026","rel":"","context":"In \"Allergie\"","block_context":{"text":"Allergie","link":"https:\/\/www.biovitalhof.at\/index.php\/tag\/allergie\/"},"img":{"alt_text":"","src":"https:\/\/i0.wp.com\/www.biovitalhof.at\/wp-content\/uploads\/2019\/04\/tea-3673714_1920.jpg?fit=1200%2C825&ssl=1&resize=350%2C200","width":350,"height":200,"srcset":"https:\/\/i0.wp.com\/www.biovitalhof.at\/wp-content\/uploads\/2019\/04\/tea-3673714_1920.jpg?fit=1200%2C825&ssl=1&resize=350%2C200 1x, https:\/\/i0.wp.com\/www.biovitalhof.at\/wp-content\/uploads\/2019\/04\/tea-3673714_1920.jpg?fit=1200%2C825&ssl=1&resize=525%2C300 1.5x, https:\/\/i0.wp.com\/www.biovitalhof.at\/wp-content\/uploads\/2019\/04\/tea-3673714_1920.jpg?fit=1200%2C825&ssl=1&resize=700%2C400 2x, https:\/\/i0.wp.com\/www.biovitalhof.at\/wp-content\/uploads\/2019\/04\/tea-3673714_1920.jpg?fit=1200%2C825&ssl=1&resize=1050%2C600 3x"},"classes":[]},{"id":254,"url":"https:\/\/www.biovitalhof.at\/index.php\/2018\/09\/24\/medizinischer-selbstversuch-30-wasserstoffperoxid-h2o2-bei-einer-infektiosen-wunde\/","url_meta":{"origin":160,"position":2},"title":"Medizinischer Selbstversuch: 30% Wasserstoffperoxid H2O2 bei einer infekti\u00f6sen Wunde","author":"biovitalhofadmin","date":"September 24, 2018","format":false,"excerpt":"Rechtlicher Hinweis: Bitte konsultieren Sie immer vorab Ihren Arzt oder Apotheker, Nachahmung nicht empfohlen. \u00a0 Vorgeschichte Nach einem Insektenstich, hat sich die Wunde rasch entz\u00fcndet und es bildete sich ein Eiterherd. Da sich der Zustand auch nach dem 5. Tag nicht verbesserte , habe ich mich entschlossen Wasserstoffperoxid als Mittel\u2026","rel":"","context":"In \"Baterien\"","block_context":{"text":"Baterien","link":"https:\/\/www.biovitalhof.at\/index.php\/tag\/baterien\/"},"img":{"alt_text":"","src":"https:\/\/i0.wp.com\/www.biovitalhof.at\/wp-content\/uploads\/2018\/09\/Insekenstich-.jpg?fit=702%2C839&ssl=1&resize=350%2C200","width":350,"height":200,"srcset":"https:\/\/i0.wp.com\/www.biovitalhof.at\/wp-content\/uploads\/2018\/09\/Insekenstich-.jpg?fit=702%2C839&ssl=1&resize=350%2C200 1x, https:\/\/i0.wp.com\/www.biovitalhof.at\/wp-content\/uploads\/2018\/09\/Insekenstich-.jpg?fit=702%2C839&ssl=1&resize=525%2C300 1.5x, https:\/\/i0.wp.com\/www.biovitalhof.at\/wp-content\/uploads\/2018\/09\/Insekenstich-.jpg?fit=702%2C839&ssl=1&resize=700%2C400 2x"},"classes":[]},{"id":666,"url":"https:\/\/www.biovitalhof.at\/index.php\/2019\/11\/20\/tobinambur-ab-jetzt-frisch-direkt-vom-biovitalhof\/","url_meta":{"origin":160,"position":3},"title":"Topinambur: Ab jetzt frisch, direkt vom Biovitalhof!","author":"biovitalhofadmin","date":"November 20, 2019","format":false,"excerpt":"In den letzten Jahren hat die Knollenfrucht Topinambur eine Renaissance erlebt und mit ihrem nussigen Geschmack die K\u00fcchen erobert. Der Geschmack der Topinamburknolle ist leicht nussig bis s\u00fc\u00dflich und erinnert an Artischocken und Maroni. Topinambur kann auch roh gegessen werden. Auch die Schale ist zum Verzehr geeignet. Wir verwenden garantiert\u2026","rel":"","context":"In \"Bio\"","block_context":{"text":"Bio","link":"https:\/\/www.biovitalhof.at\/index.php\/tag\/bio\/"},"img":{"alt_text":"","src":"https:\/\/i0.wp.com\/www.biovitalhof.at\/wp-content\/uploads\/2019\/11\/jerusalem-artichoke-2192048_1920.jpg?fit=1200%2C900&ssl=1&resize=350%2C200","width":350,"height":200,"srcset":"https:\/\/i0.wp.com\/www.biovitalhof.at\/wp-content\/uploads\/2019\/11\/jerusalem-artichoke-2192048_1920.jpg?fit=1200%2C900&ssl=1&resize=350%2C200 1x, https:\/\/i0.wp.com\/www.biovitalhof.at\/wp-content\/uploads\/2019\/11\/jerusalem-artichoke-2192048_1920.jpg?fit=1200%2C900&ssl=1&resize=525%2C300 1.5x, https:\/\/i0.wp.com\/www.biovitalhof.at\/wp-content\/uploads\/2019\/11\/jerusalem-artichoke-2192048_1920.jpg?fit=1200%2C900&ssl=1&resize=700%2C400 2x, https:\/\/i0.wp.com\/www.biovitalhof.at\/wp-content\/uploads\/2019\/11\/jerusalem-artichoke-2192048_1920.jpg?fit=1200%2C900&ssl=1&resize=1050%2C600 3x"},"classes":[]},{"id":104,"url":"https:\/\/www.biovitalhof.at\/index.php\/2018\/04\/09\/9000-jahre-altes-heilmittel-mit-aussergewohnlichem-geschmack-der-barlauch\/","url_meta":{"origin":160,"position":4},"title":"9000 Jahre altes Heilmittel mit aussergew\u00f6hnlichem Geschmack! Der B\u00e4rlauch","author":"biovitalhofadmin","date":"April 9, 2018","format":false,"excerpt":"Die perfekte Zeit ist gekommen um B\u00e4rlauch zu ernten. Sowohl der Geschmack, wie auch die Konzentration an Inhaltsstoffen ist jetzt optimal! B\u00e4rlauch liefert beispielsweise 3x so viel Vitamin C wie Orangen und eine Vielzahl an Mineralien und Spurenelementen. B\u00e4rlauch z\u00e4hlt \u00fcbrigens zu den \u00e4ltesten Nutz- und\u00a0Heilpflanzen\u00a0in Europa. Bereits im Mesolithikum\u2026","rel":"","context":"In \"Allicin\"","block_context":{"text":"Allicin","link":"https:\/\/www.biovitalhof.at\/index.php\/tag\/allicin\/"},"img":{"alt_text":"B\u00e4rlauch","src":"https:\/\/i0.wp.com\/www.biovitalhof.at\/wp-content\/uploads\/2018\/04\/DSC0178.jpg?fit=1200%2C800&ssl=1&resize=350%2C200","width":350,"height":200,"srcset":"https:\/\/i0.wp.com\/www.biovitalhof.at\/wp-content\/uploads\/2018\/04\/DSC0178.jpg?fit=1200%2C800&ssl=1&resize=350%2C200 1x, https:\/\/i0.wp.com\/www.biovitalhof.at\/wp-content\/uploads\/2018\/04\/DSC0178.jpg?fit=1200%2C800&ssl=1&resize=525%2C300 1.5x, https:\/\/i0.wp.com\/www.biovitalhof.at\/wp-content\/uploads\/2018\/04\/DSC0178.jpg?fit=1200%2C800&ssl=1&resize=700%2C400 2x, https:\/\/i0.wp.com\/www.biovitalhof.at\/wp-content\/uploads\/2018\/04\/DSC0178.jpg?fit=1200%2C800&ssl=1&resize=1050%2C600 3x"},"classes":[]},{"id":127,"url":"https:\/\/www.biovitalhof.at\/index.php\/2018\/04\/26\/universalheilmittel-der-druiden-die-mistel\/","url_meta":{"origin":160,"position":5},"title":"Universalheilmittel der Druiden, die Mistel!","author":"biovitalhofadmin","date":"April 26, 2018","format":false,"excerpt":"F\u00fcr die alten Druiden war die Mistel eine magische Pflanze, sie durfte nur mit einer goldenen Sichel geerntet werden und nie den Boden ber\u00fchren.\u00a0 Auch wenn es sich dabei um Aberglaube handelte, basierte dieser doch auf der heilenden Wirkungen dieser Pflanze. \u00a0 Wissenschaftlicher Name: Viscum album \u00a0 Heilwirkung: beruhigend, blutstillend,\u2026","rel":"","context":"In \"Arteriosklerose\"","block_context":{"text":"Arteriosklerose","link":"https:\/\/www.biovitalhof.at\/index.php\/tag\/arteriosklerose\/"},"img":{"alt_text":"Mistel Viscum album","src":"https:\/\/i0.wp.com\/www.biovitalhof.at\/wp-content\/uploads\/2018\/04\/DSC0186.jpg?fit=800%2C1200&ssl=1&resize=350%2C200","width":350,"height":200,"srcset":"https:\/\/i0.wp.com\/www.biovitalhof.at\/wp-content\/uploads\/2018\/04\/DSC0186.jpg?fit=800%2C1200&ssl=1&resize=350%2C200 1x, https:\/\/i0.wp.com\/www.biovitalhof.at\/wp-content\/uploads\/2018\/04\/DSC0186.jpg?fit=800%2C1200&ssl=1&resize=525%2C300 1.5x, https:\/\/i0.wp.com\/www.biovitalhof.at\/wp-content\/uploads\/2018\/04\/DSC0186.jpg?fit=800%2C1200&ssl=1&resize=700%2C400 2x"},"classes":[]}],"_links":{"self":[{"href":"https:\/\/www.biovitalhof.at\/index.php\/wp-json\/wp\/v2\/posts\/160"}],"collection":[{"href":"https:\/\/www.biovitalhof.at\/index.php\/wp-json\/wp\/v2\/posts"}],"about":[{"href":"https:\/\/www.biovitalhof.at\/index.php\/wp-json\/wp\/v2\/types\/post"}],"author":[{"embeddable":true,"href":"https:\/\/www.biovitalhof.at\/index.php\/wp-json\/wp\/v2\/users\/1"}],"replies":[{"embeddable":true,"href":"https:\/\/www.biovitalhof.at\/index.php\/wp-json\/wp\/v2\/comments?post=160"}],"version-history":[{"count":4,"href":"https:\/\/www.biovitalhof.at\/index.php\/wp-json\/wp\/v2\/posts\/160\/revisions"}],"predecessor-version":[{"id":696,"href":"https:\/\/www.biovitalhof.at\/index.php\/wp-json\/wp\/v2\/posts\/160\/revisions\/696"}],"wp:featuredmedia":[{"embeddable":true,"href":"https:\/\/www.biovitalhof.at\/index.php\/wp-json\/wp\/v2\/media\/163"}],"wp:attachment":[{"href":"https:\/\/www.biovitalhof.at\/index.php\/wp-json\/wp\/v2\/media?parent=160"}],"wp:term":[{"taxonomy":"category","embeddable":true,"href":"https:\/\/www.biovitalhof.at\/index.php\/wp-json\/wp\/v2\/categories?post=160"},{"taxonomy":"post_tag","embeddable":true,"href":"https:\/\/www.biovitalhof.at\/index.php\/wp-json\/wp\/v2\/tags?post=160"}],"curies":[{"name":"wp","href":"https:\/\/api.w.org\/{rel}","templated":true}]}}