{"id":448,"date":"2019-04-04T07:05:25","date_gmt":"2019-04-04T07:05:25","guid":{"rendered":"http:\/\/www.biovitalhof.at\/?p=448"},"modified":"2019-04-04T07:12:03","modified_gmt":"2019-04-04T07:12:03","slug":"die-brennnessel-eine-unterschatzte-heilpflanze-gartengemusen-und-eiweisspender","status":"publish","type":"post","link":"https:\/\/www.biovitalhof.at\/index.php\/2019\/04\/04\/die-brennnessel-eine-unterschatzte-heilpflanze-gartengemusen-und-eiweisspender\/","title":{"rendered":"Die Brennnessel! Eine untersch\u00e4tzte Heilpflanze, Gartengem\u00fcsen und Superfood."},"content":{"rendered":"\n<p>Quelle: &nbsp;<a href=\"https:\/\/www.celticgarden.de\/category\/heilpflanzenlexikon\/\">Kapitel I ~ Heilpflanzenlexikon<\/a> \/\nCelticgarden.de<\/p>\n\n\n\n<p>Sie ist eine Heil- und\nGem\u00fcsepflanze gleichzeitig. Im Mittelalter war sie eine gro\u00dfe Heilpflanze, aber\nauch im Volksglauben spielt sie, durch ihre brennende Wirkung eine gro\u00dfe Rolle.\nM\u00e4nner nahmen die Brennnessel um ihre Potenz zu steigern, daf\u00fcr wurden die\nSamen mit Ei und Zwiebel vermischt und gegessen. Auch Frauen haben dieses\nGericht gegessen, um Fruchtbarkeit zu erlangen. So soll sie zum Beispiel bei\nProstataleiden sehr wirkungsvoll sein, weil sie in der Wurzel Steroide enth\u00e4lt,\ndie das Wachstum von Prostatazellen hemmen sollen. Bei Prostatavergr\u00f6\u00dferung erleichtert\nsie das Wasserlassen. Auch soll sie verhindern, das Testosteron in \u00d6strogene\numgewandelt werden. In Zeiten&nbsp;<a href=\"https:\/\/de.wikipedia.org\/wiki\/Pedanios_Dioskurides\">Dioskurides<\/a>&nbsp;nahm man die Brennnessel\nzusammen mit Salz als Umschlag bei Krebsgeschw\u00fcren. Es wurde auch ein\nRosinenwein mit Brennnesselsamen getrunken, um wieder Lust auf den Beischlaf zu\nhaben. Brennnesselsamen zusammen mit Honig eingenommen lindert Atemnot. Fr\u00fcher\nwurde auch eine Salbe aus Tierfett, Bilsenkraut ~ und Brennnesselsamen gegen\nNervenschmerzen aufgetragen. Bei starken Wunden wurden diese mit dem Odermennig\nausgewaschen und ein Pulver aus den Wurzeln der Brennnessel draufgestreut.\nGegen Magenschmerzen werden getrocknete Pflaumen zusammen mit Brennnesseln zu\neinem Tee gekocht. Gegen Vergesslichkeit wurde Oliven\u00f6l mit Brennnesselsaft\nvermengt und auf Schl\u00e4fen und Brust gerieben. <\/p>\n\n\n\n<p><strong>Steckbrief Brennnessel<\/strong><\/p>\n\n\n\n<p><em>Lateinischer Name<\/em><\/p>\n\n\n\n<p>Urtica dioica. Urtica stammt aus\ndem lateinischen&nbsp;<em>Urere<\/em>, was&nbsp;<em>brennen<\/em>&nbsp;bedeutet.&nbsp;<em>Dioica<\/em>&nbsp;bedeutet&nbsp;<em>zweih\u00e4usig<\/em>.<br>\n<br>\n<\/p>\n\n\n\n<p><em>Volkst\u00fcmliche Namen<\/em><\/p>\n\n\n\n<p>Nesselkraut, Hanfnessel,\nHaarnessel, Donnernessel, Saunessel. Das deutsche Wort&nbsp;<em>Nessel<\/em>&nbsp;kommt\naus der mittelhochdeutschen Sprache und bedeutet ungef\u00e4hr&nbsp;<em>kn\u00fcpfen<\/em>&nbsp;oder&nbsp;<em>zusammendrehen<\/em>&nbsp;und\nzeigt damit die Verwendung als Faserpflanze an.<\/p>\n\n\n\n<p><em>Hauptanwendung<\/em><\/p>\n\n\n\n<p>Harnwegserkrankung und\nHaarausfall<\/p>\n\n\n\n<p><em>Volksheilkunde<\/em><\/p>\n\n\n\n<p>Haarausfall, Prostataerkrankungen, An\u00e4mie, Blutungen, H\u00e4morrhoiden, Arthritis, Rheuma, Gicht, Hautleiden, arthritische Schmerzen, Gicht, Ischias, Neuralgien, H\u00e4morrhoiden, Hautprobleme, Verbrennungen, Insektenstiche, Nasenbluten, Blasenentz\u00fcndungen, Nierenentz\u00fcndungen, Harn ~ und Gallenbeschwerden, Fr\u00fchjahrsm\u00fcdigkeit, Allergien, Bindegewebsschw\u00e4che, Blasenschw\u00e4che, br\u00fcchige Fingern\u00e4gel, Darminfektionen, Kopfhautschuppen, Schuppenflechte, unreine Haut<\/p>\n\n\n\n<figure class=\"wp-block-image\"><img decoding=\"async\" width=\"525\" height=\"350\" data-attachment-id=\"450\" data-permalink=\"https:\/\/www.biovitalhof.at\/index.php\/2019\/04\/04\/die-brennnessel-eine-unterschatzte-heilpflanze-gartengemusen-und-eiweisspender\/stinging-nettle-3961417_1920\/\" data-orig-file=\"https:\/\/i0.wp.com\/www.biovitalhof.at\/wp-content\/uploads\/2019\/04\/stinging-nettle-3961417_1920.jpg?fit=1920%2C1281&amp;ssl=1\" data-orig-size=\"1920,1281\" data-comments-opened=\"1\" data-image-meta=\"{&quot;aperture&quot;:&quot;6&quot;,&quot;credit&quot;:&quot;&quot;,&quot;camera&quot;:&quot;&quot;,&quot;caption&quot;:&quot;&quot;,&quot;created_timestamp&quot;:&quot;0&quot;,&quot;copyright&quot;:&quot;&quot;,&quot;focal_length&quot;:&quot;250&quot;,&quot;iso&quot;:&quot;0&quot;,&quot;shutter_speed&quot;:&quot;0.003125&quot;,&quot;title&quot;:&quot;&quot;,&quot;orientation&quot;:&quot;0&quot;}\" data-image-title=\"stinging-nettle-3961417_1920\" data-image-description=\"\" data-image-caption=\"\" data-medium-file=\"https:\/\/i0.wp.com\/www.biovitalhof.at\/wp-content\/uploads\/2019\/04\/stinging-nettle-3961417_1920.jpg?fit=300%2C200&amp;ssl=1\" data-large-file=\"https:\/\/i0.wp.com\/www.biovitalhof.at\/wp-content\/uploads\/2019\/04\/stinging-nettle-3961417_1920.jpg?fit=525%2C350&amp;ssl=1\" src=\"https:\/\/i0.wp.com\/www.biovitalhof.at\/wp-content\/uploads\/2019\/04\/stinging-nettle-3961417_1920.jpg?resize=525%2C350&#038;ssl=1\" alt=\"\" class=\"wp-image-450\" srcset=\"https:\/\/i0.wp.com\/www.biovitalhof.at\/wp-content\/uploads\/2019\/04\/stinging-nettle-3961417_1920.jpg?resize=1024%2C683&amp;ssl=1 1024w, https:\/\/i0.wp.com\/www.biovitalhof.at\/wp-content\/uploads\/2019\/04\/stinging-nettle-3961417_1920.jpg?resize=300%2C200&amp;ssl=1 300w, https:\/\/i0.wp.com\/www.biovitalhof.at\/wp-content\/uploads\/2019\/04\/stinging-nettle-3961417_1920.jpg?resize=768%2C512&amp;ssl=1 768w, https:\/\/i0.wp.com\/www.biovitalhof.at\/wp-content\/uploads\/2019\/04\/stinging-nettle-3961417_1920.jpg?resize=250%2C167&amp;ssl=1 250w, https:\/\/i0.wp.com\/www.biovitalhof.at\/wp-content\/uploads\/2019\/04\/stinging-nettle-3961417_1920.jpg?resize=350%2C234&amp;ssl=1 350w, https:\/\/i0.wp.com\/www.biovitalhof.at\/wp-content\/uploads\/2019\/04\/stinging-nettle-3961417_1920.jpg?w=1920&amp;ssl=1 1920w, https:\/\/i0.wp.com\/www.biovitalhof.at\/wp-content\/uploads\/2019\/04\/stinging-nettle-3961417_1920.jpg?w=1575&amp;ssl=1 1575w\" sizes=\"(max-width: 767px) 89vw, (max-width: 1000px) 54vw, (max-width: 1071px) 543px, 580px\" data-recalc-dims=\"1\" \/><\/figure>\n\n\n\n<p><em>Eigenschaften<\/em><\/p>\n\n\n\n<p>Zusammenziehend, harntreibend,\nst\u00e4rkend, blutstillend, Giftstoffe aussp\u00fclend, Blutdruck~ und\nblutzuckersenkend, entschlackend, blutreinigend, durchblutungsf\u00f6rdernd<\/p>\n\n\n\n<p><em>Inhaltsstoffe<\/em><\/p>\n\n\n\n<p>Vitamine, Histamin, Gerbstoffe,\nMineralsalze, Kiesels\u00e4ure, Eisen<\/p>\n\n\n\n<p><em>Verwendung<\/em><\/p>\n\n\n\n<p>Gesamte Pflanze (Bl\u00e4tter, Samen,\nWurzeln)<\/p>\n\n\n\n<p><em>Darreichungsform<\/em><\/p>\n\n\n\n<p>Tee, Umschl\u00e4ge, Tinktur,&nbsp;<a href=\"https:\/\/www.celticgarden.de\/2014\/11\/brennessel-essig-sud-bei-kopfschuppen\/\">Haarwasser<\/a>,\nFrischsaft, Pulver, Heilwein, Waschungen, B\u00e4der<\/p>\n\n\n\n<p><em>Vorkommen<\/em><\/p>\n\n\n\n<p>Die Brennnessel w\u00e4chst \u00fcberall.<\/p>\n\n\n\n<p><em>Bl\u00fctezeit<\/em><\/p>\n\n\n\n<p>Juni ~ August<\/p>\n\n\n\n<p><em>Sammelzeit<\/em><\/p>\n\n\n\n<p>Fr\u00fchling ~ Fr\u00fchherbst (Kraut)<\/p>\n\n\n\n<p>Sp\u00e4tsommer (Wurzeln)<\/p>\n\n\n\n<p>Sp\u00e4tsommer ~ Herbst (Samen)<\/p>\n\n\n\n<p><em>Verwechslung mit anderen Pflanzen<\/em><\/p>\n\n\n\n<p>Mit der kleinen Brennnessel oder\nder etwas seltener Pillen~Brennnessel. Diese beiden Brennnesseln haben die\ngleichen Eigenschaften, wie die gro\u00dfe Brennnessel. Eventuell kann die Brennnessel\nnoch mit der Taubnessel und dem Wolfstrapp verwechselt werden.<\/p>\n\n\n\n<p><em>Anbau im Garten &amp; Balkon<\/em><\/p>\n\n\n\n<p>Die Brennnessel braucht man nicht\nanpflanzen, weil sie die N\u00e4he der Menschen sucht. In jedem Naturgarten sollte\neine Ecke sein, wo die Brennnessel sich ausbreiten kann. Am besten sind\nnat\u00fcrlich mehrere wilde Gartenecken. Sie bietet vielen Insekten ein Zuhause und\nauch Nahrung. Ich kultiviere f\u00fcr unseren Gebrauch die Brennnessel in gro\u00dfen\nT\u00f6pfen, damit ich die Insekten nicht st\u00f6re. Diese Pflanze kann nach meinem\nEigentest auch auf der Fensterbank gez\u00fcchtet werden. Wer sich keine Brennnessel\naus der Natur holen m\u00f6chte, weil sie vielleicht verunreinigt durch die\nLandwirtschaft ist, kann sich die Anzuchtsamen auch.<\/p>\n\n\n\n<figure class=\"wp-block-image\"><img decoding=\"async\" width=\"525\" height=\"358\" data-attachment-id=\"449\" data-permalink=\"https:\/\/www.biovitalhof.at\/index.php\/2019\/04\/04\/die-brennnessel-eine-unterschatzte-heilpflanze-gartengemusen-und-eiweisspender\/nettle-2564588_1920\/\" data-orig-file=\"https:\/\/i0.wp.com\/www.biovitalhof.at\/wp-content\/uploads\/2019\/04\/nettle-2564588_1920.jpg?fit=1920%2C1310&amp;ssl=1\" data-orig-size=\"1920,1310\" data-comments-opened=\"1\" data-image-meta=\"{&quot;aperture&quot;:&quot;0&quot;,&quot;credit&quot;:&quot;&quot;,&quot;camera&quot;:&quot;Canon EOS 5D Mark IV&quot;,&quot;caption&quot;:&quot;&quot;,&quot;created_timestamp&quot;:&quot;0&quot;,&quot;copyright&quot;:&quot;&quot;,&quot;focal_length&quot;:&quot;0&quot;,&quot;iso&quot;:&quot;0&quot;,&quot;shutter_speed&quot;:&quot;0&quot;,&quot;title&quot;:&quot;&quot;,&quot;orientation&quot;:&quot;0&quot;}\" data-image-title=\"nettle-2564588_1920\" data-image-description=\"\" data-image-caption=\"\" data-medium-file=\"https:\/\/i0.wp.com\/www.biovitalhof.at\/wp-content\/uploads\/2019\/04\/nettle-2564588_1920.jpg?fit=300%2C205&amp;ssl=1\" data-large-file=\"https:\/\/i0.wp.com\/www.biovitalhof.at\/wp-content\/uploads\/2019\/04\/nettle-2564588_1920.jpg?fit=525%2C358&amp;ssl=1\" src=\"https:\/\/i0.wp.com\/www.biovitalhof.at\/wp-content\/uploads\/2019\/04\/nettle-2564588_1920.jpg?resize=525%2C358&#038;ssl=1\" alt=\"\" class=\"wp-image-449\" srcset=\"https:\/\/i0.wp.com\/www.biovitalhof.at\/wp-content\/uploads\/2019\/04\/nettle-2564588_1920.jpg?resize=1024%2C699&amp;ssl=1 1024w, https:\/\/i0.wp.com\/www.biovitalhof.at\/wp-content\/uploads\/2019\/04\/nettle-2564588_1920.jpg?resize=300%2C205&amp;ssl=1 300w, https:\/\/i0.wp.com\/www.biovitalhof.at\/wp-content\/uploads\/2019\/04\/nettle-2564588_1920.jpg?resize=768%2C524&amp;ssl=1 768w, https:\/\/i0.wp.com\/www.biovitalhof.at\/wp-content\/uploads\/2019\/04\/nettle-2564588_1920.jpg?resize=350%2C239&amp;ssl=1 350w, https:\/\/i0.wp.com\/www.biovitalhof.at\/wp-content\/uploads\/2019\/04\/nettle-2564588_1920.jpg?w=1920&amp;ssl=1 1920w, https:\/\/i0.wp.com\/www.biovitalhof.at\/wp-content\/uploads\/2019\/04\/nettle-2564588_1920.jpg?w=1575&amp;ssl=1 1575w\" sizes=\"(max-width: 767px) 89vw, (max-width: 1000px) 54vw, (max-width: 1071px) 543px, 580px\" data-recalc-dims=\"1\" \/><\/figure>\n\n\n\n<p><em>Zeigerpflanze &amp; Bauernregel<\/em><\/p>\n\n\n\n<p>Die Brennnessel ist eine\nZeigerpflanze f\u00fcr stickstoffhaltige B\u00f6den. Wachsen im Sommer und Herbst die\nBrennnesseln sehr hoch, dann gibt es einen strengen Winter.<\/p>\n\n\n\n<p><em>Ernte &amp; Trocknung<\/em><\/p>\n\n\n\n<p>Man kann einzelne Bl\u00e4tter sammeln\noder das ganze Kraut, dass dann kopf\u00fcber im Dunkeln getrocknet wird. Die&nbsp;<a href=\"https:\/\/www.celticgarden.de\/2013\/07\/brennesselsamen\/\">Brennnesselsamen<\/a>&nbsp;werden zum Trocknen in\nSchichten ausgelegt. Die Wurzeln werden gereinigt und am besten auf einer\nSchnur aufgef\u00e4delt und dann luftig und sonnig getrocknet.<\/p>\n\n\n\n<p><em>Geschmack &amp; Geruch<\/em><\/p>\n\n\n\n<p>W\u00fcrzig herb &amp; geruchlos<\/p>\n\n\n\n<p><em>Verwendung in der\nK\u00fcche\/Haushalt\/Kosmetik\/Tierhaltung<\/em><\/p>\n\n\n\n<p>In der K\u00fcche werden die jungen\nBl\u00e4tter&nbsp;<a href=\"https:\/\/www.celticgarden.de\/2018\/05\/brennessel-giersch-gemuese\/\">wie Spinat\ngekocht<\/a>&nbsp;und f\u00fcr&nbsp;<a href=\"https:\/\/www.celticgarden.de\/2013\/07\/brennesselsuppe\/\">Suppen<\/a>&nbsp;p\u00fcriert, zum Beispiel&nbsp;<a href=\"https:\/\/www.celticgarden.de\/2013\/12\/neunkraeutersuppe\/\">der\nNeunkr\u00e4utersuppe<\/a>. Die kugelf\u00f6rmigen Samen k\u00f6nnen von der Pflanze so\ngepfl\u00fcckt und gegessen werden, aber auch getrocknet ein Genuss zu Salaten oder\naufs Butterbrot. F\u00fcr einen Brennnesselsalat nehmt ihr nur die jungen Bl\u00e4tter\nund \u00fcberbr\u00fcht sie kurz mit hei\u00dfem Wasser. Dann werden sie zerkleinert und mit\nSalz und Pfeffer gew\u00fcrzt. Essig und \u00d6l nach Belieben. \u00dcber den&nbsp;<a href=\"https:\/\/www.celticgarden.de\/2014\/02\/warum-nicht-mal-einen-brennesselkuchen-backen\/\">Brennnesselkuchen<\/a>&nbsp;hatte\nich mal ein Rezept hier eingestellt.&nbsp;<a href=\"https:\/\/www.celticgarden.de\/2015\/06\/brennesselchips-selbermachen\/\">Chips<\/a>&nbsp;kann\nman auch aus ihr herstellen. Diese Pflanze ist sehr vielf\u00e4ltig in der K\u00fcche.\nDie Brennnessel enth\u00e4lt bis zu 30 x mehr Vitamin C, als ein Kopfsalat.<\/p>\n\n\n\n<p>F\u00fcr die Haarw\u00e4sche wird ein Absud\nzubereitet und mit diesem ganz normal (ohne chemisches Shampoo) die Haare\ngewaschen. Wirkt kr\u00e4ftigend und gl\u00e4nzend auf das Haar.<\/p>\n\n\n\n<p>Wenn ihr mal bei der Gartenarbeit\nan eine Brennnessel kommt, m\u00fcsst ihr&nbsp;<a href=\"https:\/\/www.celticgarden.de\/2014\/10\/spitzwegerich-plantago-lanceolata\/\">Spitzwegerich<\/a>&nbsp;\u00fcber\ndie Stelle reiben. Es wird sofort aufh\u00f6ren zu brennen.<\/p>\n\n\n\n<p>Getrocknete Brennnesseln kommen\nauch mit&nbsp;<a href=\"https:\/\/www.celticgarden.de\/2015\/08\/nikotinfreien-kraeutertabak-selber-herstellen\/\">in den\nKr\u00e4utertabak<\/a>. Brennnesselwurzeln geh\u00f6ren auch zu den F\u00e4rberpflanzen.\nDie Brennnessel ist eine Faserpflanze, die von der Bronzezeit bis ins fr\u00fche 20.\nJahrhundert zur Herstellung von Textilien verwendet wurde.<\/p>\n\n\n\n<p>Wer im Sommer mit vielen Fliegen\nim Haus zu k\u00e4mpfen hat, sollte Brennnesselstr\u00e4usse vor die Fenster h\u00e4ngen. Es\nsoll die Fliegen abhalten.<\/p>\n\n\n\n<p>Um Blattl\u00e4use zu bek\u00e4mpfen kann\nfolgender Sud zubereitet werden. Daf\u00fcr nehmt ihr 2 Teile Brennnesselkraut und\n10 Teile Wasser und lasst es f\u00fcr 3 Tage in der Sonne stehen. Am besten den\nBeh\u00e4lter abdecken. Mit dieser Jauche k\u00f6nnen die befallenen Pflanzen bespr\u00fcht\nwerden. Eine D\u00fcngung&nbsp;<a href=\"https:\/\/www.celticgarden.de\/2013\/07\/brennesseljauchen-co\/\">(Brennesseljauche)<\/a>&nbsp;f\u00fcr\nPflanzen wird gerne im Garten verwendet. Sie vernichtet viele \u201cSch\u00e4dlinge\u201d und\nst\u00e4rkt die Pflanzen.<br>\nWer Sch\u00e4dlinge an den Pflanzenwurzeln hat, sollte einen Sud aus Kaffeesatz,\nBrennnesseln und Wasser herstellen und damit dann die Pflanzen gie\u00dfen.<\/p>\n\n\n\n<p>Rindern kann man die\npulverisierten Samen gegen W\u00fcrmer geben. Auch als Nahrung f\u00fcr Gefl\u00fcgel, Rinder,\nSchweine und Schafe ist die Brennnessel getrocknet und zerkleinert gut\ngeeignet.<\/p>\n\n\n\n<p><em>Tee ~ Zubereitung<\/em><\/p>\n\n\n\n<ul class=\"wp-block-list\"><li>2 TL getrocknetes oder 6 TL\n     frisches Brennnesselkraut<\/li><li>1 Tasse Wasser (250 ml)<\/li><\/ul>\n\n\n\n<p>Das kochende Wasser \u00fcber das\nKraut gie\u00dfen und ca. 10 Minuten zugedeckt ziehen lassen und filtern. Nach\nGeschmack eventuell ein wenig mit Honig s\u00fc\u00dfen. Dieser Tee wirkt blutreinigend,\nzum Beispiel bei Hautausschl\u00e4gen, harntreibend und wird meist bei Verschleimung\nder Lunge und Atmungswege getrunken. In der Volksheilkunde soll er auch den\nMagen reinigen. Ein Tee aus den Wurzeln soll noch kr\u00e4ftiger sein. Bitte nicht\ntrinken bei Stauungen und Wasseransammlungen infolge eingeschr\u00e4nkter Herz ~ und\nNierent\u00e4tigkeit!<\/p>\n\n\n\n<p><em>Brennnessel ~ Tinktur<\/em><\/p>\n\n\n\n<ul class=\"wp-block-list\"><li>10 g getrocknetes oder 40 g\n     frisches Brennnesselkraut<\/li><li>50 ml 40 ~ 70% Alkohol<\/li><\/ul>\n\n\n\n<p>Das Brennnesselkraut wird mit dem\nAlkohol \u00fcbergossen und f\u00fcr ca. 4 Wochen stehen gelassen. Dann wird es gefiltert\nund in kleine Fl\u00e4schchen umgef\u00fcllt. Es k\u00f6nnen 3 x 10 ~ 15 Tropfen am Tag mit\nWasser oder Tee verd\u00fcnnt eingenommen werden.<\/p>\n\n\n\n<p><em>Brennnessel ~ Haarmittel<\/em><\/p>\n\n\n\n<p>1 Teel\u00f6ffel Brennnesselbl\u00e4tter\nl\u00e4sst man mit 3 Teel\u00f6ffel 40 % Alkohol f\u00fcr 14 Tage in der Sonne stehen und\nfiltert danach alles ab. In welcher Menge ihr dieses Haarmittel herstellen\nwollt, liegt daran wieviel ihr ben\u00f6tigt. Diese Teel\u00f6ffelmenge zeigt nur das\nVerh\u00e4ltnis. Zum Gebrauch mischt man 3 Essl\u00f6ffel dieser Tinktur mit 250 ml\nWasser. Diese Tinktur wird in die Kopfhaut einmassiert, um Haarausfall\nvorzubeugen.<\/p>\n\n\n\n<p><em>Brennnesselwasser<\/em><\/p>\n\n\n\n<p>Es wird zu gleichen Teilen Brennnesselsamen\nund kleingeschnittener Meerrettich genommen und mit einem guten Wei\u00dfwein\n\u00fcbergossen und gut verschlossen. 14 Tage unter t\u00e4glichen Sch\u00fctteln stehen\ngelassen; dann ab filtern. Mit diesem Brennnesselwasser k\u00f6nnen schmerzende\nGlieder gewaschen werden. Daf\u00fcr taucht man ein Leinentuch hinein und reibt die\nGlieder 2~3 Mal damit ein.<\/p>\n\n\n\n<p><em>Brennnessel~Essig<\/em><\/p>\n\n\n\n<p>Dieser Brennnessel~Essig soll ein\nsehr wirkungsvolles Mittel gegen Haarausfall sein. Daf\u00fcr nehmt ihr 2 Handvoll\nzerkleinerte und getrocknete Brennnesselwurzeln und lasst sie f\u00fcr 10 Minuten in\n500 ml Wei\u00dfweinessig k\u00f6cheln. Diesen Essig erkalten lassen, filtern und vorm\nSchlafengehen auf die Kopfhaut einmassieren. Am n\u00e4chsten Tag w\u00e4scht man sich\nmit klarem Wasser die Haare.<\/p>\n\n\n\n<p><em>Brennnessel~Wein<\/em><\/p>\n\n\n\n<p>Dieser Wein wird aus 70 g\ngem\u00f6rserte Brennnesselsamen und 1 Liter Wein hergestellt. 2 Wochen ziehen\nlassen, filtern und 100 g Honig einr\u00fchren. In eine sterilisierte Flasche\numf\u00fcllen. Bis zu 6 Essl\u00f6ffel t\u00e4glich gegen Husten und besseres Durchatmen bei\neiner Erk\u00e4ltung k\u00f6nnen davon eingenommen werden. K\u00fchl und dunkel lagern.<\/p>\n\n\n\n<p><em>Nebenwirkungen<\/em><\/p>\n\n\n\n<p>Bitte beachtet, dass ihr immer\nnur junge Brennnesseln sammelt, weil es bei \u00e4lteren Exemplaren zu\nMagenreizungen, Nierensch\u00e4digung und Hautbrennen kommen kann. Bitte beachtet,\ndass diese Heilkr\u00e4uter ~ Vorstellung den Gang zu einem Arzt oder Heilpraktiker\nnicht ersetzt.<br>\nBitte auch meinen<a href=\"https:\/\/www.celticgarden.de\/2014\/10\/wichtige-information\/\">&nbsp;Hinweis<\/a>&nbsp;vor\neiner m\u00f6glichen Anwendung lesen!<\/p>\n\n\n\n<p><em>R\u00e4ucheranwendung<\/em><\/p>\n\n\n\n<p>Eine&nbsp;<a href=\"https:\/\/www.celticgarden.de\/2014\/03\/brennessel-raeucherwerk\/\">Brennessel~R\u00e4ucherung<\/a>&nbsp;wird\nbei seelischen Problemen und Depressionen verr\u00e4uchert. Wenn einem mal wieder\nalles zu viel wird oder es gab in unserem Leben ein einschneidiges Erlebnis,\nmit dem man nicht klar kommt, ist die Brennnessel unter den R\u00e4ucherpflanzen zu\nbevorzugen. Zur Sommersonnenwende wird Haus und Hof mit der Brennnessel\nausger\u00e4uchert, um das ganze Jahr \u00fcber gesund zu bleiben.<\/p>\n\n\n\n<p><em>R\u00e4ucherung in der Volksmedizin<\/em><\/p>\n\n\n\n<p>Gegen angeschwollene Glieder\nwerden diese mit getrockneter Brennnessel ber\u00e4uchert. Mit getrockneter kleiner\nBrennnessel ber\u00e4uchert man Anschwellungen am K\u00f6rper.<\/p>\n\n\n\n<p><em>Magische Eigenschaften<\/em><\/p>\n\n\n\n<p>Besch\u00fctzend, heilend, anziehend,\naustreibend, abwehrend, entfluchend, reinigend<\/p>\n\n\n\n<p><em>Magische Sammelzeit<\/em><\/p>\n\n\n\n<p>Sommersonnenwende<\/p>\n\n\n\n<p><em>Element<\/em><\/p>\n\n\n\n<p>Feuer<\/p>\n\n\n\n<p><em>Volksglauben<\/em><\/p>\n\n\n\n<p>Die Brennnessel auf dem Dachboden\noder dem Giebel aufgeh\u00e4ngt, sch\u00fctzt das Haus vor Blitzeinschl\u00e4gen. P\u00fcppchen\nwerden mit getrockneten Brennnesselkraut gef\u00fcllt, um so einen Fluch zu brechen\nund diese negativen Energien an den Aussender zur\u00fcckzusenden. Brennnesselpulver\nwird im Haus ausgestreut um Schlechtes abzuwehren. Zusammen mit der Schafgarbe\nbei sich getragen, befreit von inneren \u00c4ngsten. Zur Sommersonnenwende werden\nBrennnessel~Pfannkuchen gebacken, um b\u00f6swillige Menschen abzuhalten das Haus zu\nbetreten. Getrocknete Brennnesselbl\u00e4tter geben dem Tr\u00e4ger Mut.<\/p>\n\n\n\n<p>Von den Germanen ist bekannt, dass\nsie Brennnesselsamen zusammen mit Pfeffer als luststeigerndes Mittel einnahmen.\nPfeffer haben sie durch die R\u00f6mer kennengelernt. Die Brennnessel hat sogar eine\nRune: Die Jera~Rune bezeugt, das am Ende jeden Lebens auch wieder ein Anfang\nsteht. Sie steht auch f\u00fcr Fehler erkennen und sie bereinigen.<\/p>\n","protected":false},"excerpt":{"rendered":"<p>Quelle: &nbsp;Kapitel I ~ Heilpflanzenlexikon \/ Celticgarden.de Sie ist eine Heil- und Gem\u00fcsepflanze gleichzeitig. Im Mittelalter war sie eine gro\u00dfe Heilpflanze, aber auch im Volksglauben spielt sie, durch ihre brennende Wirkung eine gro\u00dfe Rolle. M\u00e4nner nahmen die Brennnessel um ihre Potenz zu steigern, daf\u00fcr wurden die Samen mit Ei und Zwiebel vermischt und gegessen. Auch &hellip; <\/p>\n<p class=\"link-more\"><a href=\"https:\/\/www.biovitalhof.at\/index.php\/2019\/04\/04\/die-brennnessel-eine-unterschatzte-heilpflanze-gartengemusen-und-eiweisspender\/\" class=\"more-link\"><span class=\"screen-reader-text\">\u201eDie Brennnessel! Eine untersch\u00e4tzte Heilpflanze, Gartengem\u00fcsen und Superfood.\u201c<\/span> weiterlesen<\/a><\/p>\n","protected":false},"author":1,"featured_media":451,"comment_status":"open","ping_status":"open","sticky":false,"template":"","format":"standard","meta":{"jetpack_post_was_ever_published":false,"_jetpack_newsletter_access":"","_jetpack_dont_email_post_to_subs":false,"_jetpack_newsletter_tier_id":0,"footnotes":"","jetpack_publicize_message":"","jetpack_publicize_feature_enabled":true,"jetpack_social_post_already_shared":true,"jetpack_social_options":{"image_generator_settings":{"template":"highway","enabled":false}}},"categories":[1],"tags":[363,359,361,349,353,352,351,364,360,357,356,27,362,10,354,350,358,45,365,355],"class_list":["post-448","post","type-post","status-publish","format-standard","has-post-thumbnail","hentry","category-uncategorized","tag-allergie","tag-anamie","tag-arthritis","tag-brennnessel","tag-brennnesselsamen","tag-entgiftung","tag-fruchtbarkeit","tag-gartengemuse","tag-gicht","tag-haarausfall","tag-hanfnessel","tag-heilpflanze","tag-histamin","tag-krebs","tag-magenschmerzen","tag-potenz","tag-prostata","tag-rheuma","tag-superfood","tag-urtica-dioica"],"jetpack_publicize_connections":[],"yoast_head":"<!-- This site is optimized with the Yoast SEO plugin v21.9.1 - https:\/\/yoast.com\/wordpress\/plugins\/seo\/ -->\n<title>Die Brennnessel! Eine untersch\u00e4tzte Heilpflanze, Gartengem\u00fcsen und Superfood. - Der Biovitalhof<\/title>\n<meta name=\"description\" content=\"Die Brennnessel, eine untersch\u00e4tzte Heilpflanze und das Superfood!\" \/>\n<meta name=\"robots\" content=\"index, follow, max-snippet:-1, max-image-preview:large, max-video-preview:-1\" \/>\n<link rel=\"canonical\" href=\"https:\/\/www.biovitalhof.at\/index.php\/2019\/04\/04\/die-brennnessel-eine-unterschatzte-heilpflanze-gartengemusen-und-eiweisspender\/\" \/>\n<meta property=\"og:locale\" content=\"de_DE\" \/>\n<meta property=\"og:type\" content=\"article\" \/>\n<meta property=\"og:title\" content=\"Die Brennnessel! Eine untersch\u00e4tzte Heilpflanze, Gartengem\u00fcsen und Superfood. - Der Biovitalhof\" \/>\n<meta property=\"og:description\" content=\"Die Brennnessel, eine untersch\u00e4tzte Heilpflanze und das Superfood!\" \/>\n<meta property=\"og:url\" content=\"https:\/\/www.biovitalhof.at\/index.php\/2019\/04\/04\/die-brennnessel-eine-unterschatzte-heilpflanze-gartengemusen-und-eiweisspender\/\" \/>\n<meta property=\"og:site_name\" content=\"Der Biovitalhof\" \/>\n<meta property=\"article:published_time\" content=\"2019-04-04T07:05:25+00:00\" \/>\n<meta property=\"article:modified_time\" content=\"2019-04-04T07:12:03+00:00\" \/>\n<meta property=\"og:image\" content=\"https:\/\/i0.wp.com\/www.biovitalhof.at\/wp-content\/uploads\/2019\/04\/tea-3673714_1920.jpg?fit=1920%2C1320&ssl=1\" \/>\n\t<meta property=\"og:image:width\" content=\"1920\" \/>\n\t<meta property=\"og:image:height\" content=\"1320\" \/>\n\t<meta property=\"og:image:type\" content=\"image\/jpeg\" \/>\n<meta name=\"author\" content=\"biovitalhofadmin\" \/>\n<meta name=\"twitter:card\" content=\"summary_large_image\" \/>\n<meta name=\"twitter:label1\" content=\"Verfasst von\" \/>\n\t<meta name=\"twitter:data1\" content=\"biovitalhofadmin\" \/>\n\t<meta name=\"twitter:label2\" content=\"Gesch\u00e4tzte Lesezeit\" \/>\n\t<meta name=\"twitter:data2\" content=\"8\u00a0Minuten\" \/>\n<script type=\"application\/ld+json\" class=\"yoast-schema-graph\">{\"@context\":\"https:\/\/schema.org\",\"@graph\":[{\"@type\":\"Article\",\"@id\":\"https:\/\/www.biovitalhof.at\/index.php\/2019\/04\/04\/die-brennnessel-eine-unterschatzte-heilpflanze-gartengemusen-und-eiweisspender\/#article\",\"isPartOf\":{\"@id\":\"https:\/\/www.biovitalhof.at\/index.php\/2019\/04\/04\/die-brennnessel-eine-unterschatzte-heilpflanze-gartengemusen-und-eiweisspender\/\"},\"author\":{\"name\":\"biovitalhofadmin\",\"@id\":\"https:\/\/www.biovitalhof.at\/#\/schema\/person\/2fd665da0b60cd614e1cd37e0822bfc6\"},\"headline\":\"Die Brennnessel! Eine untersch\u00e4tzte Heilpflanze, Gartengem\u00fcsen und Superfood.\",\"datePublished\":\"2019-04-04T07:05:25+00:00\",\"dateModified\":\"2019-04-04T07:12:03+00:00\",\"mainEntityOfPage\":{\"@id\":\"https:\/\/www.biovitalhof.at\/index.php\/2019\/04\/04\/die-brennnessel-eine-unterschatzte-heilpflanze-gartengemusen-und-eiweisspender\/\"},\"wordCount\":1684,\"commentCount\":0,\"publisher\":{\"@id\":\"https:\/\/www.biovitalhof.at\/#organization\"},\"keywords\":[\"Allergie\",\"an\u00e4mie\",\"Arthritis\",\"Brennnessel\",\"brennnesselsamen\",\"entgiftung\",\"fruchtbarkeit\",\"gartengem\u00fcse\",\"gicht\",\"haarausfall\",\"hanfnessel\",\"Heilpflanze\",\"histamin\",\"Krebs\",\"magenschmerzen\",\"potenz\",\"prostata\",\"Rheuma\",\"superfood\",\"urtica dioica\"],\"articleSection\":[\"Uncategorized\"],\"inLanguage\":\"de\",\"potentialAction\":[{\"@type\":\"CommentAction\",\"name\":\"Comment\",\"target\":[\"https:\/\/www.biovitalhof.at\/index.php\/2019\/04\/04\/die-brennnessel-eine-unterschatzte-heilpflanze-gartengemusen-und-eiweisspender\/#respond\"]}]},{\"@type\":\"WebPage\",\"@id\":\"https:\/\/www.biovitalhof.at\/index.php\/2019\/04\/04\/die-brennnessel-eine-unterschatzte-heilpflanze-gartengemusen-und-eiweisspender\/\",\"url\":\"https:\/\/www.biovitalhof.at\/index.php\/2019\/04\/04\/die-brennnessel-eine-unterschatzte-heilpflanze-gartengemusen-und-eiweisspender\/\",\"name\":\"Die Brennnessel! Eine untersch\u00e4tzte Heilpflanze, Gartengem\u00fcsen und Superfood. - Der Biovitalhof\",\"isPartOf\":{\"@id\":\"https:\/\/www.biovitalhof.at\/#website\"},\"datePublished\":\"2019-04-04T07:05:25+00:00\",\"dateModified\":\"2019-04-04T07:12:03+00:00\",\"description\":\"Die Brennnessel, eine untersch\u00e4tzte Heilpflanze und das Superfood!\",\"breadcrumb\":{\"@id\":\"https:\/\/www.biovitalhof.at\/index.php\/2019\/04\/04\/die-brennnessel-eine-unterschatzte-heilpflanze-gartengemusen-und-eiweisspender\/#breadcrumb\"},\"inLanguage\":\"de\",\"potentialAction\":[{\"@type\":\"ReadAction\",\"target\":[\"https:\/\/www.biovitalhof.at\/index.php\/2019\/04\/04\/die-brennnessel-eine-unterschatzte-heilpflanze-gartengemusen-und-eiweisspender\/\"]}]},{\"@type\":\"BreadcrumbList\",\"@id\":\"https:\/\/www.biovitalhof.at\/index.php\/2019\/04\/04\/die-brennnessel-eine-unterschatzte-heilpflanze-gartengemusen-und-eiweisspender\/#breadcrumb\",\"itemListElement\":[{\"@type\":\"ListItem\",\"position\":1,\"name\":\"Home\",\"item\":\"https:\/\/www.biovitalhof.at\/\"},{\"@type\":\"ListItem\",\"position\":2,\"name\":\"Die Brennnessel! Eine untersch\u00e4tzte Heilpflanze, Gartengem\u00fcsen und Superfood.\"}]},{\"@type\":\"WebSite\",\"@id\":\"https:\/\/www.biovitalhof.at\/#website\",\"url\":\"https:\/\/www.biovitalhof.at\/\",\"name\":\"Der Biovitalhof\",\"description\":\"Autarkie bedeutet nicht Isolation, sondern mehr Selbstbestimmung\",\"publisher\":{\"@id\":\"https:\/\/www.biovitalhof.at\/#organization\"},\"potentialAction\":[{\"@type\":\"SearchAction\",\"target\":{\"@type\":\"EntryPoint\",\"urlTemplate\":\"https:\/\/www.biovitalhof.at\/?s={search_term_string}\"},\"query-input\":\"required name=search_term_string\"}],\"inLanguage\":\"de\"},{\"@type\":\"Organization\",\"@id\":\"https:\/\/www.biovitalhof.at\/#organization\",\"name\":\"Der Biovitalhof\",\"url\":\"https:\/\/www.biovitalhof.at\/\",\"logo\":{\"@type\":\"ImageObject\",\"inLanguage\":\"de\",\"@id\":\"https:\/\/www.biovitalhof.at\/#\/schema\/logo\/image\/\",\"url\":\"https:\/\/i0.wp.com\/www.biovitalhof.at\/wp-content\/uploads\/2026\/04\/cropped-Round_circular_sticker_design_with_95cm_diameter_-17775406836961.png?fit=250%2C250&ssl=1\",\"contentUrl\":\"https:\/\/i0.wp.com\/www.biovitalhof.at\/wp-content\/uploads\/2026\/04\/cropped-Round_circular_sticker_design_with_95cm_diameter_-17775406836961.png?fit=250%2C250&ssl=1\",\"width\":250,\"height\":250,\"caption\":\"Der Biovitalhof\"},\"image\":{\"@id\":\"https:\/\/www.biovitalhof.at\/#\/schema\/logo\/image\/\"}},{\"@type\":\"Person\",\"@id\":\"https:\/\/www.biovitalhof.at\/#\/schema\/person\/2fd665da0b60cd614e1cd37e0822bfc6\",\"name\":\"biovitalhofadmin\",\"image\":{\"@type\":\"ImageObject\",\"inLanguage\":\"de\",\"@id\":\"https:\/\/www.biovitalhof.at\/#\/schema\/person\/image\/\",\"url\":\"https:\/\/secure.gravatar.com\/avatar\/0bcbd414fe84abf165eb7c0f71414abf37172056a51477733a39e8667de8e7be?s=96&d=mm&r=g\",\"contentUrl\":\"https:\/\/secure.gravatar.com\/avatar\/0bcbd414fe84abf165eb7c0f71414abf37172056a51477733a39e8667de8e7be?s=96&d=mm&r=g\",\"caption\":\"biovitalhofadmin\"},\"url\":\"https:\/\/www.biovitalhof.at\/index.php\/author\/biovitalhofadmin\/\"}]}<\/script>\n<!-- \/ Yoast SEO plugin. -->","yoast_head_json":{"title":"Die Brennnessel! Eine untersch\u00e4tzte Heilpflanze, Gartengem\u00fcsen und Superfood. - Der Biovitalhof","description":"Die Brennnessel, eine untersch\u00e4tzte Heilpflanze und das Superfood!","robots":{"index":"index","follow":"follow","max-snippet":"max-snippet:-1","max-image-preview":"max-image-preview:large","max-video-preview":"max-video-preview:-1"},"canonical":"https:\/\/www.biovitalhof.at\/index.php\/2019\/04\/04\/die-brennnessel-eine-unterschatzte-heilpflanze-gartengemusen-und-eiweisspender\/","og_locale":"de_DE","og_type":"article","og_title":"Die Brennnessel! Eine untersch\u00e4tzte Heilpflanze, Gartengem\u00fcsen und Superfood. - Der Biovitalhof","og_description":"Die Brennnessel, eine untersch\u00e4tzte Heilpflanze und das Superfood!","og_url":"https:\/\/www.biovitalhof.at\/index.php\/2019\/04\/04\/die-brennnessel-eine-unterschatzte-heilpflanze-gartengemusen-und-eiweisspender\/","og_site_name":"Der Biovitalhof","article_published_time":"2019-04-04T07:05:25+00:00","article_modified_time":"2019-04-04T07:12:03+00:00","og_image":[{"width":1920,"height":1320,"url":"https:\/\/i0.wp.com\/www.biovitalhof.at\/wp-content\/uploads\/2019\/04\/tea-3673714_1920.jpg?fit=1920%2C1320&ssl=1","type":"image\/jpeg"}],"author":"biovitalhofadmin","twitter_card":"summary_large_image","twitter_misc":{"Verfasst von":"biovitalhofadmin","Gesch\u00e4tzte Lesezeit":"8\u00a0Minuten"},"schema":{"@context":"https:\/\/schema.org","@graph":[{"@type":"Article","@id":"https:\/\/www.biovitalhof.at\/index.php\/2019\/04\/04\/die-brennnessel-eine-unterschatzte-heilpflanze-gartengemusen-und-eiweisspender\/#article","isPartOf":{"@id":"https:\/\/www.biovitalhof.at\/index.php\/2019\/04\/04\/die-brennnessel-eine-unterschatzte-heilpflanze-gartengemusen-und-eiweisspender\/"},"author":{"name":"biovitalhofadmin","@id":"https:\/\/www.biovitalhof.at\/#\/schema\/person\/2fd665da0b60cd614e1cd37e0822bfc6"},"headline":"Die Brennnessel! Eine untersch\u00e4tzte Heilpflanze, Gartengem\u00fcsen und Superfood.","datePublished":"2019-04-04T07:05:25+00:00","dateModified":"2019-04-04T07:12:03+00:00","mainEntityOfPage":{"@id":"https:\/\/www.biovitalhof.at\/index.php\/2019\/04\/04\/die-brennnessel-eine-unterschatzte-heilpflanze-gartengemusen-und-eiweisspender\/"},"wordCount":1684,"commentCount":0,"publisher":{"@id":"https:\/\/www.biovitalhof.at\/#organization"},"keywords":["Allergie","an\u00e4mie","Arthritis","Brennnessel","brennnesselsamen","entgiftung","fruchtbarkeit","gartengem\u00fcse","gicht","haarausfall","hanfnessel","Heilpflanze","histamin","Krebs","magenschmerzen","potenz","prostata","Rheuma","superfood","urtica dioica"],"articleSection":["Uncategorized"],"inLanguage":"de","potentialAction":[{"@type":"CommentAction","name":"Comment","target":["https:\/\/www.biovitalhof.at\/index.php\/2019\/04\/04\/die-brennnessel-eine-unterschatzte-heilpflanze-gartengemusen-und-eiweisspender\/#respond"]}]},{"@type":"WebPage","@id":"https:\/\/www.biovitalhof.at\/index.php\/2019\/04\/04\/die-brennnessel-eine-unterschatzte-heilpflanze-gartengemusen-und-eiweisspender\/","url":"https:\/\/www.biovitalhof.at\/index.php\/2019\/04\/04\/die-brennnessel-eine-unterschatzte-heilpflanze-gartengemusen-und-eiweisspender\/","name":"Die Brennnessel! Eine untersch\u00e4tzte Heilpflanze, Gartengem\u00fcsen und Superfood. - Der Biovitalhof","isPartOf":{"@id":"https:\/\/www.biovitalhof.at\/#website"},"datePublished":"2019-04-04T07:05:25+00:00","dateModified":"2019-04-04T07:12:03+00:00","description":"Die Brennnessel, eine untersch\u00e4tzte Heilpflanze und das Superfood!","breadcrumb":{"@id":"https:\/\/www.biovitalhof.at\/index.php\/2019\/04\/04\/die-brennnessel-eine-unterschatzte-heilpflanze-gartengemusen-und-eiweisspender\/#breadcrumb"},"inLanguage":"de","potentialAction":[{"@type":"ReadAction","target":["https:\/\/www.biovitalhof.at\/index.php\/2019\/04\/04\/die-brennnessel-eine-unterschatzte-heilpflanze-gartengemusen-und-eiweisspender\/"]}]},{"@type":"BreadcrumbList","@id":"https:\/\/www.biovitalhof.at\/index.php\/2019\/04\/04\/die-brennnessel-eine-unterschatzte-heilpflanze-gartengemusen-und-eiweisspender\/#breadcrumb","itemListElement":[{"@type":"ListItem","position":1,"name":"Home","item":"https:\/\/www.biovitalhof.at\/"},{"@type":"ListItem","position":2,"name":"Die Brennnessel! Eine untersch\u00e4tzte Heilpflanze, Gartengem\u00fcsen und Superfood."}]},{"@type":"WebSite","@id":"https:\/\/www.biovitalhof.at\/#website","url":"https:\/\/www.biovitalhof.at\/","name":"Der Biovitalhof","description":"Autarkie bedeutet nicht Isolation, sondern mehr Selbstbestimmung","publisher":{"@id":"https:\/\/www.biovitalhof.at\/#organization"},"potentialAction":[{"@type":"SearchAction","target":{"@type":"EntryPoint","urlTemplate":"https:\/\/www.biovitalhof.at\/?s={search_term_string}"},"query-input":"required name=search_term_string"}],"inLanguage":"de"},{"@type":"Organization","@id":"https:\/\/www.biovitalhof.at\/#organization","name":"Der Biovitalhof","url":"https:\/\/www.biovitalhof.at\/","logo":{"@type":"ImageObject","inLanguage":"de","@id":"https:\/\/www.biovitalhof.at\/#\/schema\/logo\/image\/","url":"https:\/\/i0.wp.com\/www.biovitalhof.at\/wp-content\/uploads\/2026\/04\/cropped-Round_circular_sticker_design_with_95cm_diameter_-17775406836961.png?fit=250%2C250&ssl=1","contentUrl":"https:\/\/i0.wp.com\/www.biovitalhof.at\/wp-content\/uploads\/2026\/04\/cropped-Round_circular_sticker_design_with_95cm_diameter_-17775406836961.png?fit=250%2C250&ssl=1","width":250,"height":250,"caption":"Der Biovitalhof"},"image":{"@id":"https:\/\/www.biovitalhof.at\/#\/schema\/logo\/image\/"}},{"@type":"Person","@id":"https:\/\/www.biovitalhof.at\/#\/schema\/person\/2fd665da0b60cd614e1cd37e0822bfc6","name":"biovitalhofadmin","image":{"@type":"ImageObject","inLanguage":"de","@id":"https:\/\/www.biovitalhof.at\/#\/schema\/person\/image\/","url":"https:\/\/secure.gravatar.com\/avatar\/0bcbd414fe84abf165eb7c0f71414abf37172056a51477733a39e8667de8e7be?s=96&d=mm&r=g","contentUrl":"https:\/\/secure.gravatar.com\/avatar\/0bcbd414fe84abf165eb7c0f71414abf37172056a51477733a39e8667de8e7be?s=96&d=mm&r=g","caption":"biovitalhofadmin"},"url":"https:\/\/www.biovitalhof.at\/index.php\/author\/biovitalhofadmin\/"}]}},"jetpack_featured_media_url":"https:\/\/i0.wp.com\/www.biovitalhof.at\/wp-content\/uploads\/2019\/04\/tea-3673714_1920.jpg?fit=1920%2C1320&ssl=1","jetpack_sharing_enabled":true,"jetpack_shortlink":"https:\/\/wp.me\/p9K6na-7e","jetpack_likes_enabled":true,"jetpack-related-posts":[{"id":104,"url":"https:\/\/www.biovitalhof.at\/index.php\/2018\/04\/09\/9000-jahre-altes-heilmittel-mit-aussergewohnlichem-geschmack-der-barlauch\/","url_meta":{"origin":448,"position":0},"title":"9000 Jahre altes Heilmittel mit aussergew\u00f6hnlichem Geschmack! Der B\u00e4rlauch","author":"biovitalhofadmin","date":"April 9, 2018","format":false,"excerpt":"Die perfekte Zeit ist gekommen um B\u00e4rlauch zu ernten. Sowohl der Geschmack, wie auch die Konzentration an Inhaltsstoffen ist jetzt optimal! B\u00e4rlauch liefert beispielsweise 3x so viel Vitamin C wie Orangen und eine Vielzahl an Mineralien und Spurenelementen. B\u00e4rlauch z\u00e4hlt \u00fcbrigens zu den \u00e4ltesten Nutz- und\u00a0Heilpflanzen\u00a0in Europa. Bereits im Mesolithikum\u2026","rel":"","context":"In \"Allicin\"","block_context":{"text":"Allicin","link":"https:\/\/www.biovitalhof.at\/index.php\/tag\/allicin\/"},"img":{"alt_text":"B\u00e4rlauch","src":"https:\/\/i0.wp.com\/www.biovitalhof.at\/wp-content\/uploads\/2018\/04\/DSC0178.jpg?fit=1200%2C800&ssl=1&resize=350%2C200","width":350,"height":200,"srcset":"https:\/\/i0.wp.com\/www.biovitalhof.at\/wp-content\/uploads\/2018\/04\/DSC0178.jpg?fit=1200%2C800&ssl=1&resize=350%2C200 1x, https:\/\/i0.wp.com\/www.biovitalhof.at\/wp-content\/uploads\/2018\/04\/DSC0178.jpg?fit=1200%2C800&ssl=1&resize=525%2C300 1.5x, https:\/\/i0.wp.com\/www.biovitalhof.at\/wp-content\/uploads\/2018\/04\/DSC0178.jpg?fit=1200%2C800&ssl=1&resize=700%2C400 2x, https:\/\/i0.wp.com\/www.biovitalhof.at\/wp-content\/uploads\/2018\/04\/DSC0178.jpg?fit=1200%2C800&ssl=1&resize=1050%2C600 3x"},"classes":[]},{"id":225,"url":"https:\/\/www.biovitalhof.at\/index.php\/2018\/08\/29\/chilli-warum-scharfe-gesund-machen-kann\/","url_meta":{"origin":448,"position":1},"title":"Chilli! Warum Sch\u00e4rfe gesund machen kann.","author":"biovitalhofadmin","date":"August 29, 2018","format":false,"excerpt":"Die Chili wird vermutlich bereits seit \u00fcber 7000 Jahren vom Menschen kultiviert. Ihre Sch\u00e4rfe, der\u00a0Wirkstoff\u00a0Capsaicin\u00a0 ist zum Schutz gegen Fra\u00dffeinde gedacht, n\u00fctz aber auch unserer Gesundheit. \u00a0 Anwendungsgebiete\u00a0und heilende Wirkung: anregend antibakteriell bet\u00e4ubend durchblutungsf\u00f6rdernd kreislaufanregend schwei\u00dftreibend wurmtreibend \u00a0 Anwendungen: Gelenkschmerzen H\u00e4morrhoiden Hexenschuss Ischias-Schmerzen Magenschw\u00e4che Appetitlosigkeit Bl\u00e4hungen Muskelschmerzen Nackenschmerzen Rheuma Gelenkentz\u00fcndungen\u2026","rel":"","context":"In \"anregend\"","block_context":{"text":"anregend","link":"https:\/\/www.biovitalhof.at\/index.php\/tag\/anregend\/"},"img":{"alt_text":"Chili","src":"https:\/\/i0.wp.com\/www.biovitalhof.at\/wp-content\/uploads\/2018\/08\/IMG_20180829_080423.jpg?fit=1200%2C900&ssl=1&resize=350%2C200","width":350,"height":200,"srcset":"https:\/\/i0.wp.com\/www.biovitalhof.at\/wp-content\/uploads\/2018\/08\/IMG_20180829_080423.jpg?fit=1200%2C900&ssl=1&resize=350%2C200 1x, https:\/\/i0.wp.com\/www.biovitalhof.at\/wp-content\/uploads\/2018\/08\/IMG_20180829_080423.jpg?fit=1200%2C900&ssl=1&resize=525%2C300 1.5x, https:\/\/i0.wp.com\/www.biovitalhof.at\/wp-content\/uploads\/2018\/08\/IMG_20180829_080423.jpg?fit=1200%2C900&ssl=1&resize=700%2C400 2x, https:\/\/i0.wp.com\/www.biovitalhof.at\/wp-content\/uploads\/2018\/08\/IMG_20180829_080423.jpg?fit=1200%2C900&ssl=1&resize=1050%2C600 3x"},"classes":[]},{"id":901,"url":"https:\/\/www.biovitalhof.at\/index.php\/2024\/01\/26\/automatisch-gespeicherter-entwurf-cbd-arthrose\/","url_meta":{"origin":448,"position":2},"title":"CBD f\u00fcr Hunde mit Arthrose","author":"biovitalhofadmin","date":"Januar 26, 2024","format":false,"excerpt":"Die gro\u00dfe Frage: Kann CBD f\u00fcr Hunde mit Arthrose helfen? Wir haben Kundenfeedback und die aktuelle wissenschaftliche Lage zusammengefasst. CBD (Cannabidiol) hat eine Vielzahl von potenziellen gesundheitlichen Vorteilen, die auf bestimmte Eigenschaften der Verbindung zur\u00fcckzuf\u00fchren sein k\u00f6nnen. Es gibt einige Gr\u00fcnde, warum CBD als vielversprechende Option f\u00fcr Hunde mit Arthrose\u2026","rel":"","context":"In \"Arthrose\"","block_context":{"text":"Arthrose","link":"https:\/\/www.biovitalhof.at\/index.php\/tag\/arthrose\/"},"img":{"alt_text":"CBD Arthrose Hund","src":"https:\/\/i0.wp.com\/www.biovitalhof.at\/wp-content\/uploads\/2024\/01\/ae30df87-1889-4dc5-92c0-a2bf74705a11.jpg?fit=1024%2C1024&ssl=1&resize=350%2C200","width":350,"height":200,"srcset":"https:\/\/i0.wp.com\/www.biovitalhof.at\/wp-content\/uploads\/2024\/01\/ae30df87-1889-4dc5-92c0-a2bf74705a11.jpg?fit=1024%2C1024&ssl=1&resize=350%2C200 1x, https:\/\/i0.wp.com\/www.biovitalhof.at\/wp-content\/uploads\/2024\/01\/ae30df87-1889-4dc5-92c0-a2bf74705a11.jpg?fit=1024%2C1024&ssl=1&resize=525%2C300 1.5x, https:\/\/i0.wp.com\/www.biovitalhof.at\/wp-content\/uploads\/2024\/01\/ae30df87-1889-4dc5-92c0-a2bf74705a11.jpg?fit=1024%2C1024&ssl=1&resize=700%2C400 2x"},"classes":[]},{"id":127,"url":"https:\/\/www.biovitalhof.at\/index.php\/2018\/04\/26\/universalheilmittel-der-druiden-die-mistel\/","url_meta":{"origin":448,"position":3},"title":"Universalheilmittel der Druiden, die Mistel!","author":"biovitalhofadmin","date":"April 26, 2018","format":false,"excerpt":"F\u00fcr die alten Druiden war die Mistel eine magische Pflanze, sie durfte nur mit einer goldenen Sichel geerntet werden und nie den Boden ber\u00fchren.\u00a0 Auch wenn es sich dabei um Aberglaube handelte, basierte dieser doch auf der heilenden Wirkungen dieser Pflanze. \u00a0 Wissenschaftlicher Name: Viscum album \u00a0 Heilwirkung: beruhigend, blutstillend,\u2026","rel":"","context":"In \"Arteriosklerose\"","block_context":{"text":"Arteriosklerose","link":"https:\/\/www.biovitalhof.at\/index.php\/tag\/arteriosklerose\/"},"img":{"alt_text":"Mistel Viscum album","src":"https:\/\/i0.wp.com\/www.biovitalhof.at\/wp-content\/uploads\/2018\/04\/DSC0186.jpg?fit=800%2C1200&ssl=1&resize=350%2C200","width":350,"height":200,"srcset":"https:\/\/i0.wp.com\/www.biovitalhof.at\/wp-content\/uploads\/2018\/04\/DSC0186.jpg?fit=800%2C1200&ssl=1&resize=350%2C200 1x, https:\/\/i0.wp.com\/www.biovitalhof.at\/wp-content\/uploads\/2018\/04\/DSC0186.jpg?fit=800%2C1200&ssl=1&resize=525%2C300 1.5x, https:\/\/i0.wp.com\/www.biovitalhof.at\/wp-content\/uploads\/2018\/04\/DSC0186.jpg?fit=800%2C1200&ssl=1&resize=700%2C400 2x"},"classes":[]},{"id":53,"url":"https:\/\/www.biovitalhof.at\/index.php\/2018\/03\/06\/coriolus-das-universalgenie-gegen-krebs-unter-den-vitalpilzen\/","url_meta":{"origin":448,"position":4},"title":"Coriolus, das Universalgenie gegen Krebs unter den Vitalpilzen","author":"biovitalhofadmin","date":"M\u00e4rz 6, 2018","format":false,"excerpt":"Dies ist der erste Bericht zum Thema Naturheilkunde => Schwerpunkt Krebs- Pr\u00e4vention, Begleitbehandlung und Nachsorge. Schmetterlingstramete \u2013 Der in der TCM verwendete Pilz unterst\u00fctzt das Abwehrsystem im Kampf gegen Viren, Bakterien und Krebs. Schon unser Vorfahre \"\u00d6tzi\" hatte vor 5000 Jahren dieser Art in seiner Reiseapotheke. Die Polysaccharide des Coriolus\u2026","rel":"","context":"In \"Coriolus\"","block_context":{"text":"Coriolus","link":"https:\/\/www.biovitalhof.at\/index.php\/tag\/coriolus\/"},"img":{"alt_text":"","src":"https:\/\/i0.wp.com\/www.biovitalhof.at\/wp-content\/uploads\/2018\/03\/DSC0141.jpg?fit=1200%2C800&ssl=1&resize=350%2C200","width":350,"height":200,"srcset":"https:\/\/i0.wp.com\/www.biovitalhof.at\/wp-content\/uploads\/2018\/03\/DSC0141.jpg?fit=1200%2C800&ssl=1&resize=350%2C200 1x, https:\/\/i0.wp.com\/www.biovitalhof.at\/wp-content\/uploads\/2018\/03\/DSC0141.jpg?fit=1200%2C800&ssl=1&resize=525%2C300 1.5x, https:\/\/i0.wp.com\/www.biovitalhof.at\/wp-content\/uploads\/2018\/03\/DSC0141.jpg?fit=1200%2C800&ssl=1&resize=700%2C400 2x, https:\/\/i0.wp.com\/www.biovitalhof.at\/wp-content\/uploads\/2018\/03\/DSC0141.jpg?fit=1200%2C800&ssl=1&resize=1050%2C600 3x"},"classes":[]},{"id":254,"url":"https:\/\/www.biovitalhof.at\/index.php\/2018\/09\/24\/medizinischer-selbstversuch-30-wasserstoffperoxid-h2o2-bei-einer-infektiosen-wunde\/","url_meta":{"origin":448,"position":5},"title":"Medizinischer Selbstversuch: 30% Wasserstoffperoxid H2O2 bei einer infekti\u00f6sen Wunde","author":"biovitalhofadmin","date":"September 24, 2018","format":false,"excerpt":"Rechtlicher Hinweis: Bitte konsultieren Sie immer vorab Ihren Arzt oder Apotheker, Nachahmung nicht empfohlen. \u00a0 Vorgeschichte Nach einem Insektenstich, hat sich die Wunde rasch entz\u00fcndet und es bildete sich ein Eiterherd. Da sich der Zustand auch nach dem 5. Tag nicht verbesserte , habe ich mich entschlossen Wasserstoffperoxid als Mittel\u2026","rel":"","context":"In \"Baterien\"","block_context":{"text":"Baterien","link":"https:\/\/www.biovitalhof.at\/index.php\/tag\/baterien\/"},"img":{"alt_text":"","src":"https:\/\/i0.wp.com\/www.biovitalhof.at\/wp-content\/uploads\/2018\/09\/Insekenstich-.jpg?fit=702%2C839&ssl=1&resize=350%2C200","width":350,"height":200,"srcset":"https:\/\/i0.wp.com\/www.biovitalhof.at\/wp-content\/uploads\/2018\/09\/Insekenstich-.jpg?fit=702%2C839&ssl=1&resize=350%2C200 1x, https:\/\/i0.wp.com\/www.biovitalhof.at\/wp-content\/uploads\/2018\/09\/Insekenstich-.jpg?fit=702%2C839&ssl=1&resize=525%2C300 1.5x, https:\/\/i0.wp.com\/www.biovitalhof.at\/wp-content\/uploads\/2018\/09\/Insekenstich-.jpg?fit=702%2C839&ssl=1&resize=700%2C400 2x"},"classes":[]}],"_links":{"self":[{"href":"https:\/\/www.biovitalhof.at\/index.php\/wp-json\/wp\/v2\/posts\/448","targetHints":{"allow":["GET"]}}],"collection":[{"href":"https:\/\/www.biovitalhof.at\/index.php\/wp-json\/wp\/v2\/posts"}],"about":[{"href":"https:\/\/www.biovitalhof.at\/index.php\/wp-json\/wp\/v2\/types\/post"}],"author":[{"embeddable":true,"href":"https:\/\/www.biovitalhof.at\/index.php\/wp-json\/wp\/v2\/users\/1"}],"replies":[{"embeddable":true,"href":"https:\/\/www.biovitalhof.at\/index.php\/wp-json\/wp\/v2\/comments?post=448"}],"version-history":[{"count":2,"href":"https:\/\/www.biovitalhof.at\/index.php\/wp-json\/wp\/v2\/posts\/448\/revisions"}],"predecessor-version":[{"id":454,"href":"https:\/\/www.biovitalhof.at\/index.php\/wp-json\/wp\/v2\/posts\/448\/revisions\/454"}],"wp:featuredmedia":[{"embeddable":true,"href":"https:\/\/www.biovitalhof.at\/index.php\/wp-json\/wp\/v2\/media\/451"}],"wp:attachment":[{"href":"https:\/\/www.biovitalhof.at\/index.php\/wp-json\/wp\/v2\/media?parent=448"}],"wp:term":[{"taxonomy":"category","embeddable":true,"href":"https:\/\/www.biovitalhof.at\/index.php\/wp-json\/wp\/v2\/categories?post=448"},{"taxonomy":"post_tag","embeddable":true,"href":"https:\/\/www.biovitalhof.at\/index.php\/wp-json\/wp\/v2\/tags?post=448"}],"curies":[{"name":"wp","href":"https:\/\/api.w.org\/{rel}","templated":true}]}}