{"id":543,"date":"2019-11-02T15:32:22","date_gmt":"2019-11-02T15:32:22","guid":{"rendered":"http:\/\/www.biovitalhof.at\/?p=543"},"modified":"2020-03-27T05:40:18","modified_gmt":"2020-03-27T05:40:18","slug":"martin-winkler-mit-cannabisoel-den-krebs-besiegt","status":"publish","type":"post","link":"https:\/\/www.biovitalhof.at\/index.php\/2019\/11\/02\/martin-winkler-mit-cannabisoel-den-krebs-besiegt\/","title":{"rendered":"Martin Winkler: Mit Cannabis\u00f6l den Krebs besiegt!"},"content":{"rendered":"\n<p>Hier m\u00f6chte ich euch wieder einen sehr interessanten Bericht aus, &#8222;Die ganze Woche&#8220; zeigen.  Martin Winkler erkl\u00e4rt in seinem Interview wie er mit Cannabis\u00f6l seinen Krebs besiegen Konnte!<\/p>\n\n\n\n<p>  <\/p>\n\n\n\n<figure class=\"wp-block-image\"><img data-recalc-dims=\"1\" decoding=\"async\" width=\"518\" height=\"736\" data-attachment-id=\"546\" data-permalink=\"https:\/\/www.biovitalhof.at\/index.php\/2019\/11\/02\/martin-winkler-mit-cannabisoel-den-krebs-besiegt\/martinwinkler-1\/\" data-orig-file=\"https:\/\/i0.wp.com\/www.biovitalhof.at\/wp-content\/uploads\/2019\/11\/Martinwinkler-1.jpg?fit=518%2C736&amp;ssl=1\" data-orig-size=\"518,736\" data-comments-opened=\"1\" data-image-meta=\"{&quot;aperture&quot;:&quot;0&quot;,&quot;credit&quot;:&quot;&quot;,&quot;camera&quot;:&quot;&quot;,&quot;caption&quot;:&quot;&quot;,&quot;created_timestamp&quot;:&quot;1572710961&quot;,&quot;copyright&quot;:&quot;&quot;,&quot;focal_length&quot;:&quot;0&quot;,&quot;iso&quot;:&quot;0&quot;,&quot;shutter_speed&quot;:&quot;0&quot;,&quot;title&quot;:&quot;&quot;,&quot;orientation&quot;:&quot;1&quot;}\" data-image-title=\"Martinwinkler-1\" data-image-description=\"\" data-image-caption=\"\" data-large-file=\"https:\/\/i0.wp.com\/www.biovitalhof.at\/wp-content\/uploads\/2019\/11\/Martinwinkler-1.jpg?fit=518%2C736&amp;ssl=1\" data-src=\"https:\/\/i0.wp.com\/www.biovitalhof.at\/wp-content\/uploads\/2019\/11\/Martinwinkler-1.jpg?resize=518%2C736&#038;ssl=1\" alt=\"\" class=\"wp-image-546 lazyload\" data-srcset=\"https:\/\/i0.wp.com\/www.biovitalhof.at\/wp-content\/uploads\/2019\/11\/Martinwinkler-1.jpg?w=518&amp;ssl=1 518w, https:\/\/i0.wp.com\/www.biovitalhof.at\/wp-content\/uploads\/2019\/11\/Martinwinkler-1.jpg?resize=211%2C300&amp;ssl=1 211w, https:\/\/i0.wp.com\/www.biovitalhof.at\/wp-content\/uploads\/2019\/11\/Martinwinkler-1.jpg?resize=350%2C497&amp;ssl=1 350w\" data-sizes=\"(max-width: 518px) 100vw, 518px\" src=\"data:image\/svg+xml;base64,PHN2ZyB3aWR0aD0iMSIgaGVpZ2h0PSIxIiB4bWxucz0iaHR0cDovL3d3dy53My5vcmcvMjAwMC9zdmciPjwvc3ZnPg==\" style=\"--smush-placeholder-width: 518px; --smush-placeholder-aspect-ratio: 518\/736;\" \/><\/figure>\n\n\n\n<figure class=\"wp-block-image size-large\"><img data-recalc-dims=\"1\" decoding=\"async\" width=\"525\" height=\"473\" data-attachment-id=\"805\" data-permalink=\"https:\/\/www.biovitalhof.at\/index.php\/2019\/11\/02\/martin-winkler-mit-cannabisoel-den-krebs-besiegt\/50-2\/\" data-orig-file=\"https:\/\/i0.wp.com\/www.biovitalhof.at\/wp-content\/uploads\/2020\/03\/50.jpg?fit=910%2C819&amp;ssl=1\" data-orig-size=\"910,819\" data-comments-opened=\"1\" data-image-meta=\"{&quot;aperture&quot;:&quot;0&quot;,&quot;credit&quot;:&quot;User&quot;,&quot;camera&quot;:&quot;&quot;,&quot;caption&quot;:&quot;&quot;,&quot;created_timestamp&quot;:&quot;1585291146&quot;,&quot;copyright&quot;:&quot;&quot;,&quot;focal_length&quot;:&quot;0&quot;,&quot;iso&quot;:&quot;0&quot;,&quot;shutter_speed&quot;:&quot;0&quot;,&quot;title&quot;:&quot;&quot;,&quot;orientation&quot;:&quot;0&quot;}\" data-image-title=\"50\" data-image-description=\"\" data-image-caption=\"\" data-large-file=\"https:\/\/i0.wp.com\/www.biovitalhof.at\/wp-content\/uploads\/2020\/03\/50.jpg?fit=525%2C473&amp;ssl=1\" data-src=\"https:\/\/i0.wp.com\/www.biovitalhof.at\/wp-content\/uploads\/2020\/03\/50.jpg?resize=525%2C473&#038;ssl=1\" alt=\"\" class=\"wp-image-805 lazyload\" data-srcset=\"https:\/\/i0.wp.com\/www.biovitalhof.at\/wp-content\/uploads\/2020\/03\/50.jpg?w=910&amp;ssl=1 910w, https:\/\/i0.wp.com\/www.biovitalhof.at\/wp-content\/uploads\/2020\/03\/50.jpg?resize=300%2C270&amp;ssl=1 300w, https:\/\/i0.wp.com\/www.biovitalhof.at\/wp-content\/uploads\/2020\/03\/50.jpg?resize=768%2C691&amp;ssl=1 768w, https:\/\/i0.wp.com\/www.biovitalhof.at\/wp-content\/uploads\/2020\/03\/50.jpg?resize=250%2C225&amp;ssl=1 250w, https:\/\/i0.wp.com\/www.biovitalhof.at\/wp-content\/uploads\/2020\/03\/50.jpg?resize=350%2C315&amp;ssl=1 350w\" data-sizes=\"(max-width: 767px) 89vw, (max-width: 1000px) 54vw, (max-width: 1071px) 543px, 580px\" src=\"data:image\/svg+xml;base64,PHN2ZyB3aWR0aD0iMSIgaGVpZ2h0PSIxIiB4bWxucz0iaHR0cDovL3d3dy53My5vcmcvMjAwMC9zdmciPjwvc3ZnPg==\" style=\"--smush-placeholder-width: 525px; --smush-placeholder-aspect-ratio: 525\/473;\" \/><\/figure>\n\n\n\n<div class=\"wp-block-image\"><figure class=\"aligncenter size-large is-resized\"><a href=\"https:\/\/www.cbdaustria.at\/product\/cbd-oel-50-nano-emulsion\/\"><img data-recalc-dims=\"1\" decoding=\"async\" data-attachment-id=\"802\" data-permalink=\"https:\/\/www.biovitalhof.at\/index.php\/2019\/11\/02\/martin-winkler-mit-cannabisoel-den-krebs-besiegt\/50n-1\/\" data-orig-file=\"https:\/\/i0.wp.com\/www.biovitalhof.at\/wp-content\/uploads\/2020\/03\/50n-1.jpg?fit=883%2C575&amp;ssl=1\" data-orig-size=\"883,575\" data-comments-opened=\"1\" data-image-meta=\"{&quot;aperture&quot;:&quot;0&quot;,&quot;credit&quot;:&quot;User&quot;,&quot;camera&quot;:&quot;&quot;,&quot;caption&quot;:&quot;&quot;,&quot;created_timestamp&quot;:&quot;1585290406&quot;,&quot;copyright&quot;:&quot;&quot;,&quot;focal_length&quot;:&quot;0&quot;,&quot;iso&quot;:&quot;0&quot;,&quot;shutter_speed&quot;:&quot;0&quot;,&quot;title&quot;:&quot;&quot;,&quot;orientation&quot;:&quot;0&quot;}\" data-image-title=\"50n-1\" data-image-description=\"\" data-image-caption=\"\" data-large-file=\"https:\/\/i0.wp.com\/www.biovitalhof.at\/wp-content\/uploads\/2020\/03\/50n-1.jpg?fit=525%2C342&amp;ssl=1\" data-src=\"https:\/\/i0.wp.com\/www.biovitalhof.at\/wp-content\/uploads\/2020\/03\/50n-1.jpg?resize=525%2C342&#038;ssl=1\" alt=\"\" class=\"wp-image-802 lazyload\" width=\"525\" height=\"342\" data-srcset=\"https:\/\/i0.wp.com\/www.biovitalhof.at\/wp-content\/uploads\/2020\/03\/50n-1.jpg?w=883&amp;ssl=1 883w, https:\/\/i0.wp.com\/www.biovitalhof.at\/wp-content\/uploads\/2020\/03\/50n-1.jpg?resize=300%2C195&amp;ssl=1 300w, https:\/\/i0.wp.com\/www.biovitalhof.at\/wp-content\/uploads\/2020\/03\/50n-1.jpg?resize=768%2C500&amp;ssl=1 768w, https:\/\/i0.wp.com\/www.biovitalhof.at\/wp-content\/uploads\/2020\/03\/50n-1.jpg?resize=250%2C163&amp;ssl=1 250w, https:\/\/i0.wp.com\/www.biovitalhof.at\/wp-content\/uploads\/2020\/03\/50n-1.jpg?resize=350%2C228&amp;ssl=1 350w\" data-sizes=\"(max-width: 767px) 89vw, (max-width: 1000px) 54vw, (max-width: 1071px) 543px, 580px\" src=\"data:image\/svg+xml;base64,PHN2ZyB3aWR0aD0iMSIgaGVpZ2h0PSIxIiB4bWxucz0iaHR0cDovL3d3dy53My5vcmcvMjAwMC9zdmciPjwvc3ZnPg==\" style=\"--smush-placeholder-width: 525px; --smush-placeholder-aspect-ratio: 525\/342;\" \/><\/a><\/figure><\/div>\n","protected":false},"excerpt":{"rendered":"<p>Hier m\u00f6chte ich euch wieder einen sehr interessanten Bericht aus, &#8222;Die ganze Woche&#8220; zeigen. Martin Winkler erkl\u00e4rt in seinem Interview wie er mit Cannabis\u00f6l seinen Krebs besiegen Konnte!<\/p>\n","protected":false},"author":1,"featured_media":0,"comment_status":"open","ping_status":"open","sticky":false,"template":"","format":"standard","meta":{"jetpack_post_was_ever_published":false,"_jetpack_newsletter_access":"","_jetpack_dont_email_post_to_subs":false,"_jetpack_newsletter_tier_id":0,"_jetpack_memberships_contains_paywalled_content":false,"_jetpack_memberships_contains_paid_content":false,"footnotes":"","jetpack_publicize_message":"","jetpack_publicize_feature_enabled":true,"jetpack_social_post_already_shared":true,"jetpack_social_options":{"image_generator_settings":{"template":"highway","default_image_id":0,"font":"","enabled":false},"version":2}},"categories":[1],"tags":[],"class_list":["post-543","post","type-post","status-publish","format-standard","hentry","category-uncategorized"],"yoast_head":"<!-- This site is optimized with the Yoast SEO plugin v27.5 - https:\/\/yoast.com\/product\/yoast-seo-wordpress\/ -->\n<title>Martin Winkler: Mit Cannabis\u00f6l den Krebs besiegt! - Der Biovitalhof<\/title>\n<meta name=\"robots\" content=\"index, follow, max-snippet:-1, max-image-preview:large, max-video-preview:-1\" \/>\n<link rel=\"canonical\" href=\"https:\/\/www.biovitalhof.at\/index.php\/2019\/11\/02\/martin-winkler-mit-cannabisoel-den-krebs-besiegt\/\" \/>\n<meta property=\"og:locale\" content=\"de_DE\" \/>\n<meta property=\"og:type\" content=\"article\" \/>\n<meta property=\"og:title\" content=\"Martin Winkler: Mit Cannabis\u00f6l den Krebs besiegt! - Der Biovitalhof\" \/>\n<meta property=\"og:description\" content=\"Hier m\u00f6chte ich euch wieder einen sehr interessanten Bericht aus, &#8222;Die ganze Woche&#8220; zeigen. Martin Winkler erkl\u00e4rt in seinem Interview wie er mit Cannabis\u00f6l seinen Krebs besiegen Konnte!\" \/>\n<meta property=\"og:url\" content=\"https:\/\/www.biovitalhof.at\/index.php\/2019\/11\/02\/martin-winkler-mit-cannabisoel-den-krebs-besiegt\/\" \/>\n<meta property=\"og:site_name\" content=\"Der Biovitalhof\" \/>\n<meta property=\"article:published_time\" content=\"2019-11-02T15:32:22+00:00\" \/>\n<meta property=\"article:modified_time\" content=\"2020-03-27T05:40:18+00:00\" \/>\n<meta property=\"og:image\" content=\"http:\/\/www.biovitalhof.at\/wp-content\/uploads\/2019\/11\/Martinwinkler-1.jpg\" \/>\n<meta name=\"author\" content=\"biovitalhofadmin\" \/>\n<meta name=\"twitter:card\" content=\"summary_large_image\" \/>\n<meta name=\"twitter:label1\" content=\"Verfasst von\" \/>\n\t<meta name=\"twitter:data1\" content=\"biovitalhofadmin\" \/>\n<script type=\"application\/ld+json\" class=\"yoast-schema-graph\">{\"@context\":\"https:\\\/\\\/schema.org\",\"@graph\":[{\"@type\":\"Article\",\"@id\":\"https:\\\/\\\/www.biovitalhof.at\\\/index.php\\\/2019\\\/11\\\/02\\\/martin-winkler-mit-cannabisoel-den-krebs-besiegt\\\/#article\",\"isPartOf\":{\"@id\":\"https:\\\/\\\/www.biovitalhof.at\\\/index.php\\\/2019\\\/11\\\/02\\\/martin-winkler-mit-cannabisoel-den-krebs-besiegt\\\/\"},\"author\":{\"name\":\"biovitalhofadmin\",\"@id\":\"https:\\\/\\\/www.biovitalhof.at\\\/#\\\/schema\\\/person\\\/2fd665da0b60cd614e1cd37e0822bfc6\"},\"headline\":\"Martin Winkler: Mit Cannabis\u00f6l den Krebs besiegt!\",\"datePublished\":\"2019-11-02T15:32:22+00:00\",\"dateModified\":\"2020-03-27T05:40:18+00:00\",\"mainEntityOfPage\":{\"@id\":\"https:\\\/\\\/www.biovitalhof.at\\\/index.php\\\/2019\\\/11\\\/02\\\/martin-winkler-mit-cannabisoel-den-krebs-besiegt\\\/\"},\"wordCount\":39,\"commentCount\":0,\"publisher\":{\"@id\":\"https:\\\/\\\/www.biovitalhof.at\\\/#organization\"},\"image\":{\"@id\":\"https:\\\/\\\/www.biovitalhof.at\\\/index.php\\\/2019\\\/11\\\/02\\\/martin-winkler-mit-cannabisoel-den-krebs-besiegt\\\/#primaryimage\"},\"thumbnailUrl\":\"http:\\\/\\\/www.biovitalhof.at\\\/wp-content\\\/uploads\\\/2019\\\/11\\\/Martinwinkler-1.jpg\",\"articleSection\":[\"Uncategorized\"],\"inLanguage\":\"de\",\"potentialAction\":[{\"@type\":\"CommentAction\",\"name\":\"Comment\",\"target\":[\"https:\\\/\\\/www.biovitalhof.at\\\/index.php\\\/2019\\\/11\\\/02\\\/martin-winkler-mit-cannabisoel-den-krebs-besiegt\\\/#respond\"]}]},{\"@type\":\"WebPage\",\"@id\":\"https:\\\/\\\/www.biovitalhof.at\\\/index.php\\\/2019\\\/11\\\/02\\\/martin-winkler-mit-cannabisoel-den-krebs-besiegt\\\/\",\"url\":\"https:\\\/\\\/www.biovitalhof.at\\\/index.php\\\/2019\\\/11\\\/02\\\/martin-winkler-mit-cannabisoel-den-krebs-besiegt\\\/\",\"name\":\"Martin Winkler: Mit Cannabis\u00f6l den Krebs besiegt! - Der Biovitalhof\",\"isPartOf\":{\"@id\":\"https:\\\/\\\/www.biovitalhof.at\\\/#website\"},\"primaryImageOfPage\":{\"@id\":\"https:\\\/\\\/www.biovitalhof.at\\\/index.php\\\/2019\\\/11\\\/02\\\/martin-winkler-mit-cannabisoel-den-krebs-besiegt\\\/#primaryimage\"},\"image\":{\"@id\":\"https:\\\/\\\/www.biovitalhof.at\\\/index.php\\\/2019\\\/11\\\/02\\\/martin-winkler-mit-cannabisoel-den-krebs-besiegt\\\/#primaryimage\"},\"thumbnailUrl\":\"http:\\\/\\\/www.biovitalhof.at\\\/wp-content\\\/uploads\\\/2019\\\/11\\\/Martinwinkler-1.jpg\",\"datePublished\":\"2019-11-02T15:32:22+00:00\",\"dateModified\":\"2020-03-27T05:40:18+00:00\",\"breadcrumb\":{\"@id\":\"https:\\\/\\\/www.biovitalhof.at\\\/index.php\\\/2019\\\/11\\\/02\\\/martin-winkler-mit-cannabisoel-den-krebs-besiegt\\\/#breadcrumb\"},\"inLanguage\":\"de\",\"potentialAction\":[{\"@type\":\"ReadAction\",\"target\":[\"https:\\\/\\\/www.biovitalhof.at\\\/index.php\\\/2019\\\/11\\\/02\\\/martin-winkler-mit-cannabisoel-den-krebs-besiegt\\\/\"]}]},{\"@type\":\"ImageObject\",\"inLanguage\":\"de\",\"@id\":\"https:\\\/\\\/www.biovitalhof.at\\\/index.php\\\/2019\\\/11\\\/02\\\/martin-winkler-mit-cannabisoel-den-krebs-besiegt\\\/#primaryimage\",\"url\":\"http:\\\/\\\/www.biovitalhof.at\\\/wp-content\\\/uploads\\\/2019\\\/11\\\/Martinwinkler-1.jpg\",\"contentUrl\":\"http:\\\/\\\/www.biovitalhof.at\\\/wp-content\\\/uploads\\\/2019\\\/11\\\/Martinwinkler-1.jpg\"},{\"@type\":\"BreadcrumbList\",\"@id\":\"https:\\\/\\\/www.biovitalhof.at\\\/index.php\\\/2019\\\/11\\\/02\\\/martin-winkler-mit-cannabisoel-den-krebs-besiegt\\\/#breadcrumb\",\"itemListElement\":[{\"@type\":\"ListItem\",\"position\":1,\"name\":\"Home\",\"item\":\"https:\\\/\\\/www.biovitalhof.at\\\/\"},{\"@type\":\"ListItem\",\"position\":2,\"name\":\"Martin Winkler: Mit Cannabis\u00f6l den Krebs besiegt!\"}]},{\"@type\":\"WebSite\",\"@id\":\"https:\\\/\\\/www.biovitalhof.at\\\/#website\",\"url\":\"https:\\\/\\\/www.biovitalhof.at\\\/\",\"name\":\"Der Biovitalhof\",\"description\":\"Autarkie bedeutet nicht Isolation, sondern mehr Selbstbestimmung\",\"publisher\":{\"@id\":\"https:\\\/\\\/www.biovitalhof.at\\\/#organization\"},\"potentialAction\":[{\"@type\":\"SearchAction\",\"target\":{\"@type\":\"EntryPoint\",\"urlTemplate\":\"https:\\\/\\\/www.biovitalhof.at\\\/?s={search_term_string}\"},\"query-input\":{\"@type\":\"PropertyValueSpecification\",\"valueRequired\":true,\"valueName\":\"search_term_string\"}}],\"inLanguage\":\"de\"},{\"@type\":\"Organization\",\"@id\":\"https:\\\/\\\/www.biovitalhof.at\\\/#organization\",\"name\":\"Der Biovitalhof\",\"url\":\"https:\\\/\\\/www.biovitalhof.at\\\/\",\"logo\":{\"@type\":\"ImageObject\",\"inLanguage\":\"de\",\"@id\":\"https:\\\/\\\/www.biovitalhof.at\\\/#\\\/schema\\\/logo\\\/image\\\/\",\"url\":\"https:\\\/\\\/i0.wp.com\\\/www.biovitalhof.at\\\/wp-content\\\/uploads\\\/2026\\\/04\\\/cropped-Round_circular_sticker_design_with_95cm_diameter_-17775406836961.png?fit=250%2C250&ssl=1\",\"contentUrl\":\"https:\\\/\\\/i0.wp.com\\\/www.biovitalhof.at\\\/wp-content\\\/uploads\\\/2026\\\/04\\\/cropped-Round_circular_sticker_design_with_95cm_diameter_-17775406836961.png?fit=250%2C250&ssl=1\",\"width\":250,\"height\":250,\"caption\":\"Der Biovitalhof\"},\"image\":{\"@id\":\"https:\\\/\\\/www.biovitalhof.at\\\/#\\\/schema\\\/logo\\\/image\\\/\"}},{\"@type\":\"Person\",\"@id\":\"https:\\\/\\\/www.biovitalhof.at\\\/#\\\/schema\\\/person\\\/2fd665da0b60cd614e1cd37e0822bfc6\",\"name\":\"biovitalhofadmin\",\"image\":{\"@type\":\"ImageObject\",\"inLanguage\":\"de\",\"@id\":\"https:\\\/\\\/secure.gravatar.com\\\/avatar\\\/0bcbd414fe84abf165eb7c0f71414abf37172056a51477733a39e8667de8e7be?s=96&d=mm&r=g\",\"url\":\"https:\\\/\\\/secure.gravatar.com\\\/avatar\\\/0bcbd414fe84abf165eb7c0f71414abf37172056a51477733a39e8667de8e7be?s=96&d=mm&r=g\",\"contentUrl\":\"https:\\\/\\\/secure.gravatar.com\\\/avatar\\\/0bcbd414fe84abf165eb7c0f71414abf37172056a51477733a39e8667de8e7be?s=96&d=mm&r=g\",\"caption\":\"biovitalhofadmin\"},\"url\":\"https:\\\/\\\/www.biovitalhof.at\\\/index.php\\\/author\\\/biovitalhofadmin\\\/\"}]}<\/script>\n<!-- \/ Yoast SEO plugin. -->","yoast_head_json":{"title":"Martin Winkler: Mit Cannabis\u00f6l den Krebs besiegt! - Der Biovitalhof","robots":{"index":"index","follow":"follow","max-snippet":"max-snippet:-1","max-image-preview":"max-image-preview:large","max-video-preview":"max-video-preview:-1"},"canonical":"https:\/\/www.biovitalhof.at\/index.php\/2019\/11\/02\/martin-winkler-mit-cannabisoel-den-krebs-besiegt\/","og_locale":"de_DE","og_type":"article","og_title":"Martin Winkler: Mit Cannabis\u00f6l den Krebs besiegt! - Der Biovitalhof","og_description":"Hier m\u00f6chte ich euch wieder einen sehr interessanten Bericht aus, &#8222;Die ganze Woche&#8220; zeigen. Martin Winkler erkl\u00e4rt in seinem Interview wie er mit Cannabis\u00f6l seinen Krebs besiegen Konnte!","og_url":"https:\/\/www.biovitalhof.at\/index.php\/2019\/11\/02\/martin-winkler-mit-cannabisoel-den-krebs-besiegt\/","og_site_name":"Der Biovitalhof","article_published_time":"2019-11-02T15:32:22+00:00","article_modified_time":"2020-03-27T05:40:18+00:00","og_image":[{"url":"http:\/\/www.biovitalhof.at\/wp-content\/uploads\/2019\/11\/Martinwinkler-1.jpg","type":"","width":"","height":""}],"author":"biovitalhofadmin","twitter_card":"summary_large_image","twitter_misc":{"Verfasst von":"biovitalhofadmin"},"schema":{"@context":"https:\/\/schema.org","@graph":[{"@type":"Article","@id":"https:\/\/www.biovitalhof.at\/index.php\/2019\/11\/02\/martin-winkler-mit-cannabisoel-den-krebs-besiegt\/#article","isPartOf":{"@id":"https:\/\/www.biovitalhof.at\/index.php\/2019\/11\/02\/martin-winkler-mit-cannabisoel-den-krebs-besiegt\/"},"author":{"name":"biovitalhofadmin","@id":"https:\/\/www.biovitalhof.at\/#\/schema\/person\/2fd665da0b60cd614e1cd37e0822bfc6"},"headline":"Martin Winkler: Mit Cannabis\u00f6l den Krebs besiegt!","datePublished":"2019-11-02T15:32:22+00:00","dateModified":"2020-03-27T05:40:18+00:00","mainEntityOfPage":{"@id":"https:\/\/www.biovitalhof.at\/index.php\/2019\/11\/02\/martin-winkler-mit-cannabisoel-den-krebs-besiegt\/"},"wordCount":39,"commentCount":0,"publisher":{"@id":"https:\/\/www.biovitalhof.at\/#organization"},"image":{"@id":"https:\/\/www.biovitalhof.at\/index.php\/2019\/11\/02\/martin-winkler-mit-cannabisoel-den-krebs-besiegt\/#primaryimage"},"thumbnailUrl":"http:\/\/www.biovitalhof.at\/wp-content\/uploads\/2019\/11\/Martinwinkler-1.jpg","articleSection":["Uncategorized"],"inLanguage":"de","potentialAction":[{"@type":"CommentAction","name":"Comment","target":["https:\/\/www.biovitalhof.at\/index.php\/2019\/11\/02\/martin-winkler-mit-cannabisoel-den-krebs-besiegt\/#respond"]}]},{"@type":"WebPage","@id":"https:\/\/www.biovitalhof.at\/index.php\/2019\/11\/02\/martin-winkler-mit-cannabisoel-den-krebs-besiegt\/","url":"https:\/\/www.biovitalhof.at\/index.php\/2019\/11\/02\/martin-winkler-mit-cannabisoel-den-krebs-besiegt\/","name":"Martin Winkler: Mit Cannabis\u00f6l den Krebs besiegt! - Der Biovitalhof","isPartOf":{"@id":"https:\/\/www.biovitalhof.at\/#website"},"primaryImageOfPage":{"@id":"https:\/\/www.biovitalhof.at\/index.php\/2019\/11\/02\/martin-winkler-mit-cannabisoel-den-krebs-besiegt\/#primaryimage"},"image":{"@id":"https:\/\/www.biovitalhof.at\/index.php\/2019\/11\/02\/martin-winkler-mit-cannabisoel-den-krebs-besiegt\/#primaryimage"},"thumbnailUrl":"http:\/\/www.biovitalhof.at\/wp-content\/uploads\/2019\/11\/Martinwinkler-1.jpg","datePublished":"2019-11-02T15:32:22+00:00","dateModified":"2020-03-27T05:40:18+00:00","breadcrumb":{"@id":"https:\/\/www.biovitalhof.at\/index.php\/2019\/11\/02\/martin-winkler-mit-cannabisoel-den-krebs-besiegt\/#breadcrumb"},"inLanguage":"de","potentialAction":[{"@type":"ReadAction","target":["https:\/\/www.biovitalhof.at\/index.php\/2019\/11\/02\/martin-winkler-mit-cannabisoel-den-krebs-besiegt\/"]}]},{"@type":"ImageObject","inLanguage":"de","@id":"https:\/\/www.biovitalhof.at\/index.php\/2019\/11\/02\/martin-winkler-mit-cannabisoel-den-krebs-besiegt\/#primaryimage","url":"http:\/\/www.biovitalhof.at\/wp-content\/uploads\/2019\/11\/Martinwinkler-1.jpg","contentUrl":"http:\/\/www.biovitalhof.at\/wp-content\/uploads\/2019\/11\/Martinwinkler-1.jpg"},{"@type":"BreadcrumbList","@id":"https:\/\/www.biovitalhof.at\/index.php\/2019\/11\/02\/martin-winkler-mit-cannabisoel-den-krebs-besiegt\/#breadcrumb","itemListElement":[{"@type":"ListItem","position":1,"name":"Home","item":"https:\/\/www.biovitalhof.at\/"},{"@type":"ListItem","position":2,"name":"Martin Winkler: Mit Cannabis\u00f6l den Krebs besiegt!"}]},{"@type":"WebSite","@id":"https:\/\/www.biovitalhof.at\/#website","url":"https:\/\/www.biovitalhof.at\/","name":"Der Biovitalhof","description":"Autarkie bedeutet nicht Isolation, sondern mehr Selbstbestimmung","publisher":{"@id":"https:\/\/www.biovitalhof.at\/#organization"},"potentialAction":[{"@type":"SearchAction","target":{"@type":"EntryPoint","urlTemplate":"https:\/\/www.biovitalhof.at\/?s={search_term_string}"},"query-input":{"@type":"PropertyValueSpecification","valueRequired":true,"valueName":"search_term_string"}}],"inLanguage":"de"},{"@type":"Organization","@id":"https:\/\/www.biovitalhof.at\/#organization","name":"Der Biovitalhof","url":"https:\/\/www.biovitalhof.at\/","logo":{"@type":"ImageObject","inLanguage":"de","@id":"https:\/\/www.biovitalhof.at\/#\/schema\/logo\/image\/","url":"https:\/\/i0.wp.com\/www.biovitalhof.at\/wp-content\/uploads\/2026\/04\/cropped-Round_circular_sticker_design_with_95cm_diameter_-17775406836961.png?fit=250%2C250&ssl=1","contentUrl":"https:\/\/i0.wp.com\/www.biovitalhof.at\/wp-content\/uploads\/2026\/04\/cropped-Round_circular_sticker_design_with_95cm_diameter_-17775406836961.png?fit=250%2C250&ssl=1","width":250,"height":250,"caption":"Der Biovitalhof"},"image":{"@id":"https:\/\/www.biovitalhof.at\/#\/schema\/logo\/image\/"}},{"@type":"Person","@id":"https:\/\/www.biovitalhof.at\/#\/schema\/person\/2fd665da0b60cd614e1cd37e0822bfc6","name":"biovitalhofadmin","image":{"@type":"ImageObject","inLanguage":"de","@id":"https:\/\/secure.gravatar.com\/avatar\/0bcbd414fe84abf165eb7c0f71414abf37172056a51477733a39e8667de8e7be?s=96&d=mm&r=g","url":"https:\/\/secure.gravatar.com\/avatar\/0bcbd414fe84abf165eb7c0f71414abf37172056a51477733a39e8667de8e7be?s=96&d=mm&r=g","contentUrl":"https:\/\/secure.gravatar.com\/avatar\/0bcbd414fe84abf165eb7c0f71414abf37172056a51477733a39e8667de8e7be?s=96&d=mm&r=g","caption":"biovitalhofadmin"},"url":"https:\/\/www.biovitalhof.at\/index.php\/author\/biovitalhofadmin\/"}]}},"jetpack_publicize_connections":[],"jetpack_featured_media_url":"","jetpack_sharing_enabled":true,"jetpack_shortlink":"https:\/\/wp.me\/p9K6na-8L","jetpack_likes_enabled":true,"jetpack-related-posts":[{"id":67,"url":"https:\/\/www.biovitalhof.at\/index.php\/2018\/03\/13\/patienteninterview-mit-martin-winkler-ein-salzburger-hat-mit-cannabis-seinen-krebs-besiegt\/","url_meta":{"origin":543,"position":0},"title":"Patienteninterview mit Martin Winkler: Ein Salzburger hat mit Cannabis seinen Krebs besiegt!","author":"biovitalhofadmin","date":"M\u00e4rz 13, 2018","format":false,"excerpt":"Unabh\u00e4ngig von der Frage wie man zur Legalisierung von THC haltigen Substanzen steht, sollte man sich der heilenden Wirkung bewusst werden. Martin Winkler aus dem Flachgau ist nun 47 Jahre jung und kann lachen, was ein Gl\u00fcck ist, denn bei ihm wurde Prostatakrebs im Endstadium diagnostiziert. Nach mehreren Chemos brach\u2026","rel":"","context":"In \"Cannabis\"","block_context":{"text":"Cannabis","link":"https:\/\/www.biovitalhof.at\/index.php\/tag\/cannabis\/"},"img":{"alt_text":"","src":"https:\/\/i0.wp.com\/www.biovitalhof.at\/wp-content\/uploads\/2020\/03\/50.jpg?resize=350%2C200&ssl=1","width":350,"height":200,"srcset":"https:\/\/i0.wp.com\/www.biovitalhof.at\/wp-content\/uploads\/2020\/03\/50.jpg?resize=350%2C200&ssl=1 1x, https:\/\/i0.wp.com\/www.biovitalhof.at\/wp-content\/uploads\/2020\/03\/50.jpg?resize=525%2C300&ssl=1 1.5x, https:\/\/i0.wp.com\/www.biovitalhof.at\/wp-content\/uploads\/2020\/03\/50.jpg?resize=700%2C400&ssl=1 2x"},"classes":[]},{"id":380,"url":"https:\/\/www.biovitalhof.at\/index.php\/2019\/02\/04\/dr-med-manfred-doepp-referiert-uber-smart-herbs-inteligenten-heilkrauter-die-ohne-negative-nebenwirkung-krebs-bekampfen\/","url_meta":{"origin":543,"position":1},"title":"Dr. med. Manfred Doepp referiert \u00fcber &#8222;Smart Herbs&#8220; inteligenten Heilkr\u00e4uter die ohne negative Nebenwirkungen Krebs bek\u00e4mpfen.","author":"biovitalhofadmin","date":"Februar 4, 2019","format":false,"excerpt":"In seiner Vortragsreihe erz\u00e4hlt uns Dr. med. Manfred Doepp wieso Heilkr\u00e4uter \"kl\u00fcger\" sind als Chemotherapie und Bestrahlung. Viele Heilkr\u00e4uter und Pflanzen haben im wesentlichen drei positive Eigenschaften um aktiv Krebs zu bek\u00e4mpfen: Sie k\u00f6nnen Krebsstammzellen direkt t\u00f6tenSie induzieren KrebsselbstmordUnd demaskieren Krebszellen Der gro\u00dfe Unterschied zu konventionellen Chemotherapie und Bestrahlung besteht\u2026","rel":"","context":"In \"Bestrahlung\"","block_context":{"text":"Bestrahlung","link":"https:\/\/www.biovitalhof.at\/index.php\/tag\/bestrahlung\/"},"img":{"alt_text":"","src":"https:\/\/i0.wp.com\/img.youtube.com\/vi\/BTcst7XHDbI\/0.jpg?resize=350%2C200","width":350,"height":200},"classes":[]},{"id":53,"url":"https:\/\/www.biovitalhof.at\/index.php\/2018\/03\/06\/coriolus-das-universalgenie-gegen-krebs-unter-den-vitalpilzen\/","url_meta":{"origin":543,"position":2},"title":"Coriolus, das Universalgenie gegen Krebs unter den Vitalpilzen","author":"biovitalhofadmin","date":"M\u00e4rz 6, 2018","format":false,"excerpt":"Dies ist der erste Bericht zum Thema Naturheilkunde => Schwerpunkt Krebs- Pr\u00e4vention, Begleitbehandlung und Nachsorge. Schmetterlingstramete \u2013 Der in der TCM verwendete Pilz unterst\u00fctzt das Abwehrsystem im Kampf gegen Viren, Bakterien und Krebs. Schon unser Vorfahre \"\u00d6tzi\" hatte vor 5000 Jahren dieser Art in seiner Reiseapotheke. Die Polysaccharide des Coriolus\u2026","rel":"","context":"In \"Coriolus\"","block_context":{"text":"Coriolus","link":"https:\/\/www.biovitalhof.at\/index.php\/tag\/coriolus\/"},"img":{"alt_text":"","src":"https:\/\/i0.wp.com\/www.biovitalhof.at\/wp-content\/uploads\/2018\/03\/DSC0141.jpg?fit=1200%2C800&ssl=1&resize=350%2C200","width":350,"height":200,"srcset":"https:\/\/i0.wp.com\/www.biovitalhof.at\/wp-content\/uploads\/2018\/03\/DSC0141.jpg?fit=1200%2C800&ssl=1&resize=350%2C200 1x, https:\/\/i0.wp.com\/www.biovitalhof.at\/wp-content\/uploads\/2018\/03\/DSC0141.jpg?fit=1200%2C800&ssl=1&resize=525%2C300 1.5x, https:\/\/i0.wp.com\/www.biovitalhof.at\/wp-content\/uploads\/2018\/03\/DSC0141.jpg?fit=1200%2C800&ssl=1&resize=700%2C400 2x, https:\/\/i0.wp.com\/www.biovitalhof.at\/wp-content\/uploads\/2018\/03\/DSC0141.jpg?fit=1200%2C800&ssl=1&resize=1050%2C600 3x"},"classes":[]},{"id":104,"url":"https:\/\/www.biovitalhof.at\/index.php\/2018\/04\/09\/9000-jahre-altes-heilmittel-mit-aussergewohnlichem-geschmack-der-barlauch\/","url_meta":{"origin":543,"position":3},"title":"9000 Jahre altes Heilmittel mit aussergew\u00f6hnlichem Geschmack! Der B\u00e4rlauch","author":"biovitalhofadmin","date":"April 9, 2018","format":false,"excerpt":"Die perfekte Zeit ist gekommen um B\u00e4rlauch zu ernten. Sowohl der Geschmack, wie auch die Konzentration an Inhaltsstoffen ist jetzt optimal! B\u00e4rlauch liefert beispielsweise 3x so viel Vitamin C wie Orangen und eine Vielzahl an Mineralien und Spurenelementen. B\u00e4rlauch z\u00e4hlt \u00fcbrigens zu den \u00e4ltesten Nutz- und\u00a0Heilpflanzen\u00a0in Europa. Bereits im Mesolithikum\u2026","rel":"","context":"In \"Allicin\"","block_context":{"text":"Allicin","link":"https:\/\/www.biovitalhof.at\/index.php\/tag\/allicin\/"},"img":{"alt_text":"B\u00e4rlauch","src":"https:\/\/i0.wp.com\/www.biovitalhof.at\/wp-content\/uploads\/2018\/04\/DSC0178.jpg?fit=1200%2C800&ssl=1&resize=350%2C200","width":350,"height":200,"srcset":"https:\/\/i0.wp.com\/www.biovitalhof.at\/wp-content\/uploads\/2018\/04\/DSC0178.jpg?fit=1200%2C800&ssl=1&resize=350%2C200 1x, https:\/\/i0.wp.com\/www.biovitalhof.at\/wp-content\/uploads\/2018\/04\/DSC0178.jpg?fit=1200%2C800&ssl=1&resize=525%2C300 1.5x, https:\/\/i0.wp.com\/www.biovitalhof.at\/wp-content\/uploads\/2018\/04\/DSC0178.jpg?fit=1200%2C800&ssl=1&resize=700%2C400 2x, https:\/\/i0.wp.com\/www.biovitalhof.at\/wp-content\/uploads\/2018\/04\/DSC0178.jpg?fit=1200%2C800&ssl=1&resize=1050%2C600 3x"},"classes":[]},{"id":127,"url":"https:\/\/www.biovitalhof.at\/index.php\/2018\/04\/26\/universalheilmittel-der-druiden-die-mistel\/","url_meta":{"origin":543,"position":4},"title":"Universalheilmittel der Druiden, die Mistel!","author":"biovitalhofadmin","date":"April 26, 2018","format":false,"excerpt":"F\u00fcr die alten Druiden war die Mistel eine magische Pflanze, sie durfte nur mit einer goldenen Sichel geerntet werden und nie den Boden ber\u00fchren.\u00a0 Auch wenn es sich dabei um Aberglaube handelte, basierte dieser doch auf der heilenden Wirkungen dieser Pflanze. \u00a0 Wissenschaftlicher Name: Viscum album \u00a0 Heilwirkung: beruhigend, blutstillend,\u2026","rel":"","context":"In \"Arteriosklerose\"","block_context":{"text":"Arteriosklerose","link":"https:\/\/www.biovitalhof.at\/index.php\/tag\/arteriosklerose\/"},"img":{"alt_text":"Mistel Viscum album","src":"https:\/\/i0.wp.com\/www.biovitalhof.at\/wp-content\/uploads\/2018\/04\/DSC0186.jpg?fit=800%2C1200&ssl=1&resize=350%2C200","width":350,"height":200,"srcset":"https:\/\/i0.wp.com\/www.biovitalhof.at\/wp-content\/uploads\/2018\/04\/DSC0186.jpg?fit=800%2C1200&ssl=1&resize=350%2C200 1x, https:\/\/i0.wp.com\/www.biovitalhof.at\/wp-content\/uploads\/2018\/04\/DSC0186.jpg?fit=800%2C1200&ssl=1&resize=525%2C300 1.5x, https:\/\/i0.wp.com\/www.biovitalhof.at\/wp-content\/uploads\/2018\/04\/DSC0186.jpg?fit=800%2C1200&ssl=1&resize=700%2C400 2x"},"classes":[]},{"id":448,"url":"https:\/\/www.biovitalhof.at\/index.php\/2019\/04\/04\/die-brennnessel-eine-unterschatzte-heilpflanze-gartengemusen-und-eiweisspender\/","url_meta":{"origin":543,"position":5},"title":"Die Brennnessel! Eine untersch\u00e4tzte Heilpflanze, Gartengem\u00fcsen und Superfood.","author":"biovitalhofadmin","date":"April 4, 2019","format":false,"excerpt":"Quelle: \u00a0Kapitel I ~ Heilpflanzenlexikon \/ Celticgarden.de Sie ist eine Heil- und Gem\u00fcsepflanze gleichzeitig. Im Mittelalter war sie eine gro\u00dfe Heilpflanze, aber auch im Volksglauben spielt sie, durch ihre brennende Wirkung eine gro\u00dfe Rolle. M\u00e4nner nahmen die Brennnessel um ihre Potenz zu steigern, daf\u00fcr wurden die Samen mit Ei und\u2026","rel":"","context":"In \"Allergie\"","block_context":{"text":"Allergie","link":"https:\/\/www.biovitalhof.at\/index.php\/tag\/allergie\/"},"img":{"alt_text":"","src":"https:\/\/i0.wp.com\/www.biovitalhof.at\/wp-content\/uploads\/2019\/04\/tea-3673714_1920.jpg?fit=1200%2C825&ssl=1&resize=350%2C200","width":350,"height":200,"srcset":"https:\/\/i0.wp.com\/www.biovitalhof.at\/wp-content\/uploads\/2019\/04\/tea-3673714_1920.jpg?fit=1200%2C825&ssl=1&resize=350%2C200 1x, https:\/\/i0.wp.com\/www.biovitalhof.at\/wp-content\/uploads\/2019\/04\/tea-3673714_1920.jpg?fit=1200%2C825&ssl=1&resize=525%2C300 1.5x, https:\/\/i0.wp.com\/www.biovitalhof.at\/wp-content\/uploads\/2019\/04\/tea-3673714_1920.jpg?fit=1200%2C825&ssl=1&resize=700%2C400 2x, https:\/\/i0.wp.com\/www.biovitalhof.at\/wp-content\/uploads\/2019\/04\/tea-3673714_1920.jpg?fit=1200%2C825&ssl=1&resize=1050%2C600 3x"},"classes":[]}],"_links":{"self":[{"href":"https:\/\/www.biovitalhof.at\/index.php\/wp-json\/wp\/v2\/posts\/543","targetHints":{"allow":["GET"]}}],"collection":[{"href":"https:\/\/www.biovitalhof.at\/index.php\/wp-json\/wp\/v2\/posts"}],"about":[{"href":"https:\/\/www.biovitalhof.at\/index.php\/wp-json\/wp\/v2\/types\/post"}],"author":[{"embeddable":true,"href":"https:\/\/www.biovitalhof.at\/index.php\/wp-json\/wp\/v2\/users\/1"}],"replies":[{"embeddable":true,"href":"https:\/\/www.biovitalhof.at\/index.php\/wp-json\/wp\/v2\/comments?post=543"}],"version-history":[{"count":7,"href":"https:\/\/www.biovitalhof.at\/index.php\/wp-json\/wp\/v2\/posts\/543\/revisions"}],"predecessor-version":[{"id":806,"href":"https:\/\/www.biovitalhof.at\/index.php\/wp-json\/wp\/v2\/posts\/543\/revisions\/806"}],"wp:attachment":[{"href":"https:\/\/www.biovitalhof.at\/index.php\/wp-json\/wp\/v2\/media?parent=543"}],"wp:term":[{"taxonomy":"category","embeddable":true,"href":"https:\/\/www.biovitalhof.at\/index.php\/wp-json\/wp\/v2\/categories?post=543"},{"taxonomy":"post_tag","embeddable":true,"href":"https:\/\/www.biovitalhof.at\/index.php\/wp-json\/wp\/v2\/tags?post=543"}],"curies":[{"name":"wp","href":"https:\/\/api.w.org\/{rel}","templated":true}]}}